{"id":47406,"date":"2019-02-12T09:21:30","date_gmt":"2019-02-12T12:21:30","guid":{"rendered":"https:\/\/eldiariodesanpedro.com.ar\/sitio\/?p=47406"},"modified":"2019-02-12T09:21:39","modified_gmt":"2019-02-12T12:21:39","slug":"zarate-terrible-accidente-de-un-movil-del-servicio-penitenciario-en-la-ruta-6","status":"publish","type":"post","link":"https:\/\/eldiariodesanpedro.com.ar\/sitio\/zarate-terrible-accidente-de-un-movil-del-servicio-penitenciario-en-la-ruta-6\/","title":{"rendered":"ZARATE: Terrible accidente de un m\u00f3vil del Servicio Penitenciario en la Ruta 6"},"content":{"rendered":"<!-- VideographyWP Plugin Message: Automatic video embedding prevented by plugin options. -->\n\n<p>Ocurri\u00f3 este lunes por la ma\u00f1ana, a la altura de la empresa Honda, cuando trasladaban a dos reclusos a realizar tr\u00e1mites en sede judicial. Los cinco ocupantes de la camioneta, que habr\u00eda pisado un espejo de agua, resultaron con algunas heridas. Pero un Sub Oficial Principal qued\u00f3 internado en grave estado y fue intervenido en el Hospital producto de una lesi\u00f3n craneal.<\/p>\n\n\n\n<p>Minutos despu\u00e9s de las 8 de la ma\u00f1ana, un m\u00f3vil del Servicio Penitenciario despist\u00f3 tras pasar sobre un espejo de agua acumulada sobre la Ruta 6, a la altura de la empresa Honda, sentido a Campana.<\/p>\n\n\n\n<p>Tres efectivos de la Unidad Carcelaria, todos de Campana, trasladaban desde la Unidad 41 a dos reclusos hacia Juzgados locales. Pero el agua acumulada producto de las intensas lluvias, origin\u00f3 la p\u00e9rdida de control del veh\u00edculo, el cual efectu\u00f3 varios trompos e impact\u00f3 contra una columna de alumbrado.<\/p>\n\n\n\n<p>En el veh\u00edculo viajaban Daniel G\u00f3mez, conductor, un efectivo de apellido Vallejos, y el Sub oficial Principal H\u00e9ctor Esp\u00edndola, quien sufri\u00f3 heridas de gravedad al golpear su cabeza violentamente contra uno de los parantes de la camioneta. Tanto sus compa\u00f1eros como los dos reos trasladados, no sufrieron lesiones de consideraci\u00f3n.<\/p>\n\n\n\n<figure class=\"wp-block-image\"><img decoding=\"async\" width=\"692\" height=\"384\" data-attachment-id=\"47407\" data-permalink=\"https:\/\/eldiariodesanpedro.com.ar\/sitio\/zarate-terrible-accidente-de-un-movil-del-servicio-penitenciario-en-la-ruta-6\/accidente-2-7\/\" data-orig-file=\"https:\/\/eldiariodesanpedro.com.ar\/sitio\/wp-content\/uploads\/2019\/02\/accidente-2.jpg\" data-orig-size=\"692,384\" data-comments-opened=\"1\" data-image-meta=\"{&quot;aperture&quot;:&quot;0&quot;,&quot;credit&quot;:&quot;Pititto, Antonella Florencia&quot;,&quot;camera&quot;:&quot;&quot;,&quot;caption&quot;:&quot;&quot;,&quot;created_timestamp&quot;:&quot;1549918360&quot;,&quot;copyright&quot;:&quot;&quot;,&quot;focal_length&quot;:&quot;0&quot;,&quot;iso&quot;:&quot;0&quot;,&quot;shutter_speed&quot;:&quot;0&quot;,&quot;title&quot;:&quot;&quot;,&quot;orientation&quot;:&quot;0&quot;}\" data-image-title=\"accidente-2\" data-image-description=\"\" data-image-caption=\"\" data-large-file=\"https:\/\/eldiariodesanpedro.com.ar\/sitio\/wp-content\/uploads\/2019\/02\/accidente-2.jpg\" data-src=\"https:\/\/eldiariodesanpedro.com.ar\/sitio\/wp-content\/uploads\/2019\/02\/accidente-2.jpg\" alt=\"\" class=\"wp-image-47407 lazyload\" data-srcset=\"https:\/\/eldiariodesanpedro.com.ar\/sitio\/wp-content\/uploads\/2019\/02\/accidente-2.jpg 692w, https:\/\/eldiariodesanpedro.com.ar\/sitio\/wp-content\/uploads\/2019\/02\/accidente-2-300x166.jpg 300w\" data-sizes=\"(max-width: 692px) 100vw, 692px\" src=\"data:image\/svg+xml;base64,PHN2ZyB3aWR0aD0iMSIgaGVpZ2h0PSIxIiB4bWxucz0iaHR0cDovL3d3dy53My5vcmcvMjAwMC9zdmciPjwvc3ZnPg==\" style=\"--smush-placeholder-width: 692px; --smush-placeholder-aspect-ratio: 692\/384;\" \/><\/figure>\n\n\n\n<p>Todos fueron trasladados al Hospital San Jos\u00e9. Luego de ser atendidos por personal m\u00e9dico, los reclusos fueron conducidos nuevamente al Penal. Mientras que tras ser evaluado por el equipo profesional del nosocomio p\u00fablico, y ante la imposibilidad de traslado dada la gravedad de sus lesiones, el Principal Esp\u00edndola fue sometido a cirug\u00eda cuyos resultados se desconocen hasta el momento.<\/p>\n\n\n\n<p>El accidente se produjo a cuatro d\u00edas de&nbsp;otro fatal hecho ocurrido casi en el mismo lugar. Fuentes extraoficiales confiaron a Campana Noticias que tras el impacto, el veloc\u00edmetro habr\u00eda quedado \u201cclavado\u201d en una marca superior a la permitida en el lugar, y mucho menos en condiciones clim\u00e1ticas como las recientes. Pero la presi\u00f3n horaria sobre el personal, confirmada por otros trabajadores del Servicio, explicar\u00eda las condiciones requeridas para producirse un siniestro de estas caracter\u00edsticas.<\/p>\n\n\n\n<p>Fuente: ZARATE ALERTA<\/p>\n\n\n\n<p><br><\/p>\n\n\n\n<p><br><\/p>\n","protected":false},"excerpt":{"rendered":"<p>Ocurri\u00f3 este lunes por la ma\u00f1ana, a la altura de la empresa Honda, cuando trasladaban a dos reclusos a realizar tr\u00e1mites en sede judicial. Los cinco ocupantes de la camioneta, que habr\u00eda pisado un espejo de agua, resultaron con algunas heridas. Pero un Sub Oficial Principal qued\u00f3 internado en grave estado y fue intervenido en [&hellip;]<\/p>\n","protected":false},"author":4,"featured_media":47408,"comment_status":"open","ping_status":"closed","sticky":false,"template":"","format":"standard","meta":{"om_disable_all_campaigns":false,"_jetpack_memberships_contains_paid_content":false,"footnotes":""},"categories":[621],"tags":[],"class_list":["post-47406","post","type-post","status-publish","format-standard","has-post-thumbnail","hentry","category-regionales"],"aioseo_notices":[],"gutentor_comment":0,"jetpack_featured_media_url":"https:\/\/eldiariodesanpedro.com.ar\/sitio\/wp-content\/uploads\/2019\/02\/20190211061837.jpg","jetpack_shortlink":"https:\/\/wp.me\/p6RhLt-ckC","jetpack_sharing_enabled":true,"_links":{"self":[{"href":"https:\/\/eldiariodesanpedro.com.ar\/sitio\/wp-json\/wp\/v2\/posts\/47406","targetHints":{"allow":["GET"]}}],"collection":[{"href":"https:\/\/eldiariodesanpedro.com.ar\/sitio\/wp-json\/wp\/v2\/posts"}],"about":[{"href":"https:\/\/eldiariodesanpedro.com.ar\/sitio\/wp-json\/wp\/v2\/types\/post"}],"author":[{"embeddable":true,"href":"https:\/\/eldiariodesanpedro.com.ar\/sitio\/wp-json\/wp\/v2\/users\/4"}],"replies":[{"embeddable":true,"href":"https:\/\/eldiariodesanpedro.com.ar\/sitio\/wp-json\/wp\/v2\/comments?post=47406"}],"version-history":[{"count":1,"href":"https:\/\/eldiariodesanpedro.com.ar\/sitio\/wp-json\/wp\/v2\/posts\/47406\/revisions"}],"predecessor-version":[{"id":47409,"href":"https:\/\/eldiariodesanpedro.com.ar\/sitio\/wp-json\/wp\/v2\/posts\/47406\/revisions\/47409"}],"wp:featuredmedia":[{"embeddable":true,"href":"https:\/\/eldiariodesanpedro.com.ar\/sitio\/wp-json\/wp\/v2\/media\/47408"}],"wp:attachment":[{"href":"https:\/\/eldiariodesanpedro.com.ar\/sitio\/wp-json\/wp\/v2\/media?parent=47406"}],"wp:term":[{"taxonomy":"category","embeddable":true,"href":"https:\/\/eldiariodesanpedro.com.ar\/sitio\/wp-json\/wp\/v2\/categories?post=47406"},{"taxonomy":"post_tag","embeddable":true,"href":"https:\/\/eldiariodesanpedro.com.ar\/sitio\/wp-json\/wp\/v2\/tags?post=47406"}],"curies":[{"name":"wp","href":"https:\/\/api.w.org\/{rel}","templated":true}]}}