{"id":47403,"date":"2019-02-12T09:15:47","date_gmt":"2019-02-12T12:15:47","guid":{"rendered":"https:\/\/eldiariodesanpedro.com.ar\/sitio\/?p=47403"},"modified":"2019-02-12T09:15:59","modified_gmt":"2019-02-12T12:15:59","slug":"baradero-convocatorias-culturales-2019-envianos-tu-propuesta","status":"publish","type":"post","link":"https:\/\/eldiariodesanpedro.com.ar\/sitio\/baradero-convocatorias-culturales-2019-envianos-tu-propuesta\/","title":{"rendered":"BARADERO: Convocatorias Culturales 2019, envi\u00e1nos tu propuesta"},"content":{"rendered":"<!-- VideographyWP Plugin Message: Automatic video embedding prevented by plugin options. -->\n\n<p>El s\u00e1bado 23 y el domingo 24 de febrero en el Puerto Local (Av. Almirante Brown) se realizar\u00e1 el evento&nbsp;<strong>Convocatoria Cultural 2019&nbsp;<\/strong>con el objetivo de visibilizar propuestas originales de artistas baraderenses en distintas disciplinas culturales. El evento ser\u00e1 libre y gratuito.<\/p>\n\n\n\n<p>M\u00fasica, arte, dise\u00f1o y moda, stand up y concurso de bandas locales ser\u00e1n las propuestas que ofrecer\u00e1 la jornada organizada por la Secretar\u00eda de Cultura, Turismo, Educaci\u00f3n y Deporte de la Municipalidad de Baradero, sellando, de este modo, una variada agenda de eventos.<\/p>\n\n\n\n<p>En cuanto a los concursos de bandas locales, adem\u00e1s de su actuaci\u00f3n, los tres ganadores tendr\u00e1n un lugar en el escenario del&nbsp;<strong>Rock en Baradero<\/strong>, evento de alto nivel que se realizar\u00e1 en marzo.<\/p>\n\n\n\n<p><strong>\u00a1Envi\u00e1nos tu propuesta!<\/strong><\/p>\n\n\n\n<figure class=\"wp-block-image\"><img decoding=\"async\" width=\"1830\" height=\"1335\" data-attachment-id=\"47404\" data-permalink=\"https:\/\/eldiariodesanpedro.com.ar\/sitio\/baradero-convocatorias-culturales-2019-envianos-tu-propuesta\/unnamed-11-2\/\" data-orig-file=\"https:\/\/eldiariodesanpedro.com.ar\/sitio\/wp-content\/uploads\/2019\/02\/unnamed-11.jpg\" data-orig-size=\"1830,1335\" data-comments-opened=\"1\" data-image-meta=\"{&quot;aperture&quot;:&quot;0&quot;,&quot;credit&quot;:&quot;&quot;,&quot;camera&quot;:&quot;&quot;,&quot;caption&quot;:&quot;&quot;,&quot;created_timestamp&quot;:&quot;0&quot;,&quot;copyright&quot;:&quot;&quot;,&quot;focal_length&quot;:&quot;0&quot;,&quot;iso&quot;:&quot;0&quot;,&quot;shutter_speed&quot;:&quot;0&quot;,&quot;title&quot;:&quot;&quot;,&quot;orientation&quot;:&quot;0&quot;}\" data-image-title=\"unnamed-11\" data-image-description=\"\" data-image-caption=\"\" data-large-file=\"https:\/\/eldiariodesanpedro.com.ar\/sitio\/wp-content\/uploads\/2019\/02\/unnamed-11-1024x747.jpg\" data-src=\"https:\/\/i2.wp.com\/eldiariodesanpedro.com.ar\/sitio\/wp-content\/uploads\/2019\/02\/unnamed-11.jpg?fit=660%2C481\" alt=\"\" class=\"wp-image-47404 lazyload\" data-srcset=\"https:\/\/eldiariodesanpedro.com.ar\/sitio\/wp-content\/uploads\/2019\/02\/unnamed-11.jpg 1830w, https:\/\/eldiariodesanpedro.com.ar\/sitio\/wp-content\/uploads\/2019\/02\/unnamed-11-300x219.jpg 300w, https:\/\/eldiariodesanpedro.com.ar\/sitio\/wp-content\/uploads\/2019\/02\/unnamed-11-768x560.jpg 768w, https:\/\/eldiariodesanpedro.com.ar\/sitio\/wp-content\/uploads\/2019\/02\/unnamed-11-1024x747.jpg 1024w\" data-sizes=\"(max-width: 1830px) 100vw, 1830px\" src=\"data:image\/svg+xml;base64,PHN2ZyB3aWR0aD0iMSIgaGVpZ2h0PSIxIiB4bWxucz0iaHR0cDovL3d3dy53My5vcmcvMjAwMC9zdmciPjwvc3ZnPg==\" style=\"--smush-placeholder-width: 1830px; --smush-placeholder-aspect-ratio: 1830\/1335;\" \/><\/figure>\n\n\n\n<p>Enviar\u00e0&nbsp;propuesta e im\u00e1genes<\/p>\n\n\n\n<p>E-mail\u00e0&nbsp;<a href=\"mailto:juventud@baradero.gob.ar\" target=\"_blank\" rel=\"noreferrer noopener\">juventud@baradero.gob.ar<\/a>&nbsp;o presentarse en la Secretar\u00eda de Cultura, Turismo, Educaci\u00f3n y Deporte (Centro Cultural \u201cArturo Umberto Illia\u201d 1\u00b0 piso ingreso por Malabia)<\/p>\n\n\n\n<p>Recepci\u00f3n de propuesta\u00e0\u00a0hasta el mi\u00e9rcoles 20 de febrero<\/p>\n\n\n\n<p>Fuente: Baradero Te Informa<\/p>\n","protected":false},"excerpt":{"rendered":"<p>El s\u00e1bado 23 y el domingo 24 de febrero en el Puerto Local (Av. Almirante Brown) se realizar\u00e1 el evento&nbsp;Convocatoria Cultural 2019&nbsp;con el objetivo de visibilizar propuestas originales de artistas baraderenses en distintas disciplinas culturales. El evento ser\u00e1 libre y gratuito. M\u00fasica, arte, dise\u00f1o y moda, stand up y concurso de bandas locales ser\u00e1n las [&hellip;]<\/p>\n","protected":false},"author":4,"featured_media":47404,"comment_status":"open","ping_status":"closed","sticky":false,"template":"","format":"standard","meta":{"om_disable_all_campaigns":false,"_jetpack_memberships_contains_paid_content":false,"footnotes":""},"categories":[621],"tags":[],"class_list":["post-47403","post","type-post","status-publish","format-standard","has-post-thumbnail","hentry","category-regionales"],"aioseo_notices":[],"gutentor_comment":0,"jetpack_featured_media_url":"https:\/\/eldiariodesanpedro.com.ar\/sitio\/wp-content\/uploads\/2019\/02\/unnamed-11.jpg","jetpack_shortlink":"https:\/\/wp.me\/p6RhLt-ckz","jetpack_sharing_enabled":true,"_links":{"self":[{"href":"https:\/\/eldiariodesanpedro.com.ar\/sitio\/wp-json\/wp\/v2\/posts\/47403","targetHints":{"allow":["GET"]}}],"collection":[{"href":"https:\/\/eldiariodesanpedro.com.ar\/sitio\/wp-json\/wp\/v2\/posts"}],"about":[{"href":"https:\/\/eldiariodesanpedro.com.ar\/sitio\/wp-json\/wp\/v2\/types\/post"}],"author":[{"embeddable":true,"href":"https:\/\/eldiariodesanpedro.com.ar\/sitio\/wp-json\/wp\/v2\/users\/4"}],"replies":[{"embeddable":true,"href":"https:\/\/eldiariodesanpedro.com.ar\/sitio\/wp-json\/wp\/v2\/comments?post=47403"}],"version-history":[{"count":1,"href":"https:\/\/eldiariodesanpedro.com.ar\/sitio\/wp-json\/wp\/v2\/posts\/47403\/revisions"}],"predecessor-version":[{"id":47405,"href":"https:\/\/eldiariodesanpedro.com.ar\/sitio\/wp-json\/wp\/v2\/posts\/47403\/revisions\/47405"}],"wp:featuredmedia":[{"embeddable":true,"href":"https:\/\/eldiariodesanpedro.com.ar\/sitio\/wp-json\/wp\/v2\/media\/47404"}],"wp:attachment":[{"href":"https:\/\/eldiariodesanpedro.com.ar\/sitio\/wp-json\/wp\/v2\/media?parent=47403"}],"wp:term":[{"taxonomy":"category","embeddable":true,"href":"https:\/\/eldiariodesanpedro.com.ar\/sitio\/wp-json\/wp\/v2\/categories?post=47403"},{"taxonomy":"post_tag","embeddable":true,"href":"https:\/\/eldiariodesanpedro.com.ar\/sitio\/wp-json\/wp\/v2\/tags?post=47403"}],"curies":[{"name":"wp","href":"https:\/\/api.w.org\/{rel}","templated":true}]}}