{"id":47400,"date":"2019-02-12T09:13:00","date_gmt":"2019-02-12T12:13:00","guid":{"rendered":"https:\/\/eldiariodesanpedro.com.ar\/sitio\/?p=47400"},"modified":"2019-02-12T09:13:15","modified_gmt":"2019-02-12T12:13:15","slug":"zarate-voraz-incendio-destruyo-una-fabrica-de-plastico-reciclado","status":"publish","type":"post","link":"https:\/\/eldiariodesanpedro.com.ar\/sitio\/zarate-voraz-incendio-destruyo-una-fabrica-de-plastico-reciclado\/","title":{"rendered":"ZARATE: Voraz incendio destruy\u00f3 una f\u00e1brica de pl\u00e1stico reciclado"},"content":{"rendered":"<!-- VideographyWP Plugin Message: Automatic video embedding prevented by plugin options. -->\n\n<p>Diez dotaciones de bomberos trabajaron casi seis horas para extinguir el fuego, que caus\u00f3 p\u00e9rdidas totales en la planta de la empresa Ovaton, incluidos Bomberos Voluntarios de Z\u00e1rate. A\u00fan no se sabe la causa del siniestro.<\/p>\n\n\n\n<p>Una densa columna de humo negro sorprendi\u00f3 este domingo por la ma\u00f1ana a los vecinos de Bel\u00e9n de Escobar. La f\u00e1brica de pl\u00e1sticos Ovaton, en el barrio Lambertuchi, sufri\u00f3 un voraz incendio, al que tuvieron que acudir diez dotaciones de bomberos voluntarios de esta y otras localidades para poder apagarlo.<\/p>\n\n\n\n<p>El cuartel central de bomberos de Escobar fue alertado del suceso a las 6.50 y envi\u00f3 al lugar cinco dotaciones. Con la colaboraci\u00f3n de otras formaciones de Gar\u00edn, Ingeniero Maschwitz, Maquinista Savio, Benavidez y San Miguel, los servidores p\u00fablicos trabajaron arduamente hasta el mediod\u00eda para extinguir el fuego proveniente de la planta, ubicada en la calle Horacio Quiroga al 2300.<\/p>\n\n\n\n<p>Mientras tanto, Defensa Civil, la Polic\u00eda y una ambulancia del SAME acudieron al lugar a prestar colaboraci\u00f3n. No obstante, ninguno de los trabajadores que se encontraba en el lugar sufri\u00f3 heridas ni problemas respiratorios. En cambio, el efecto devastador del fuego produjo la destrucci\u00f3n total del edificio.<\/p>\n\n\n\n<p>Ovaton es una empresa que desde 2011 se encuentra en el barrio Lambertuchi. Seg\u00fan sus redes sociales, se especializa en el reciclado y recuperado de todo tipo de pl\u00e1sticos y le da trabajo a medio centenar de personas.<\/p>\n\n\n\n<p>A\u00fan se desconocen las causas que provocaron el fat\u00eddico suceso. Una vez que los escombros se enfr\u00eden, se realizar\u00e1n las pericias para determinar cu\u00e1les fueron los motivos que provocaron el impresionante incendio.<\/p>\n\n\n\n<p>Fuente: Zarate Alerta<\/p>\n\n\n\n<p><br><\/p>\n","protected":false},"excerpt":{"rendered":"<p>Diez dotaciones de bomberos trabajaron casi seis horas para extinguir el fuego, que caus\u00f3 p\u00e9rdidas totales en la planta de la empresa Ovaton, incluidos Bomberos Voluntarios de Z\u00e1rate. A\u00fan no se sabe la causa del siniestro. Una densa columna de humo negro sorprendi\u00f3 este domingo por la ma\u00f1ana a los vecinos de Bel\u00e9n de Escobar. [&hellip;]<\/p>\n","protected":false},"author":4,"featured_media":47401,"comment_status":"open","ping_status":"closed","sticky":false,"template":"","format":"standard","meta":{"om_disable_all_campaigns":false,"_jetpack_memberships_contains_paid_content":false,"footnotes":""},"categories":[621],"tags":[],"class_list":["post-47400","post","type-post","status-publish","format-standard","has-post-thumbnail","hentry","category-regionales"],"aioseo_notices":[],"gutentor_comment":0,"jetpack_featured_media_url":"https:\/\/eldiariodesanpedro.com.ar\/sitio\/wp-content\/uploads\/2019\/02\/4-1.jpg","jetpack_shortlink":"https:\/\/wp.me\/p6RhLt-ckw","jetpack_sharing_enabled":true,"_links":{"self":[{"href":"https:\/\/eldiariodesanpedro.com.ar\/sitio\/wp-json\/wp\/v2\/posts\/47400","targetHints":{"allow":["GET"]}}],"collection":[{"href":"https:\/\/eldiariodesanpedro.com.ar\/sitio\/wp-json\/wp\/v2\/posts"}],"about":[{"href":"https:\/\/eldiariodesanpedro.com.ar\/sitio\/wp-json\/wp\/v2\/types\/post"}],"author":[{"embeddable":true,"href":"https:\/\/eldiariodesanpedro.com.ar\/sitio\/wp-json\/wp\/v2\/users\/4"}],"replies":[{"embeddable":true,"href":"https:\/\/eldiariodesanpedro.com.ar\/sitio\/wp-json\/wp\/v2\/comments?post=47400"}],"version-history":[{"count":1,"href":"https:\/\/eldiariodesanpedro.com.ar\/sitio\/wp-json\/wp\/v2\/posts\/47400\/revisions"}],"predecessor-version":[{"id":47402,"href":"https:\/\/eldiariodesanpedro.com.ar\/sitio\/wp-json\/wp\/v2\/posts\/47400\/revisions\/47402"}],"wp:featuredmedia":[{"embeddable":true,"href":"https:\/\/eldiariodesanpedro.com.ar\/sitio\/wp-json\/wp\/v2\/media\/47401"}],"wp:attachment":[{"href":"https:\/\/eldiariodesanpedro.com.ar\/sitio\/wp-json\/wp\/v2\/media?parent=47400"}],"wp:term":[{"taxonomy":"category","embeddable":true,"href":"https:\/\/eldiariodesanpedro.com.ar\/sitio\/wp-json\/wp\/v2\/categories?post=47400"},{"taxonomy":"post_tag","embeddable":true,"href":"https:\/\/eldiariodesanpedro.com.ar\/sitio\/wp-json\/wp\/v2\/tags?post=47400"}],"curies":[{"name":"wp","href":"https:\/\/api.w.org\/{rel}","templated":true}]}}