{"id":47393,"date":"2019-02-11T18:54:22","date_gmt":"2019-02-11T21:54:22","guid":{"rendered":"https:\/\/eldiariodesanpedro.com.ar\/sitio\/?p=47393"},"modified":"2019-02-11T18:54:37","modified_gmt":"2019-02-11T21:54:37","slug":"el-intendente-de-san-pedro-apuesta-a-la-reeleccion-de-macri-y-de-vidal","status":"publish","type":"post","link":"https:\/\/eldiariodesanpedro.com.ar\/sitio\/el-intendente-de-san-pedro-apuesta-a-la-reeleccion-de-macri-y-de-vidal\/","title":{"rendered":"El intendente de San Pedro apuesta a la reelecci\u00f3n de Macri y de Vidal"},"content":{"rendered":"<!-- VideographyWP Plugin Message: Automatic video embedding prevented by plugin options. -->\n\n<p>El intendente de San Pedro, Cecilio Salazar, asegur\u00f3 hoy que en las pr\u00f3ximas elecciones \u201cla gente va a decidir por la Rep\u00fablica, va a rechazar al populismo exacerbado y fan\u00e1tico que encarn\u00f3 el  kirchnerismo en sus 12 a\u00f1os de gobierno\u00bb, con lo que el presidente Mauricio Macri y la gobernadora bonaerense, Mar\u00eda Eugenia Vidal, \u00abvan a ser reelectos\u201d.<\/p>\n\n\n\n<p>\u00abEn las pr\u00f3ximas elecciones presidenciales, la gente va a decidir por la Rep\u00fablica, por un pa\u00eds real, la gente no quiere volver al pasado y va a rechazar al populismo exacerbado y fan\u00e1tico que encarn\u00f3 el Kirchnerismo en sus 12 a\u00f1os de gobierno. Y, sin dudas, el presidente Macri y la gobernadora Vidal van a ser reelectos\u201d, asegur\u00f3 hoy a T\u00e9lam el Intendente de San Pedro, Cecilio Salazar.<\/p>\n\n\n\n<p>El jefe comunal, del Partido FE, uno de los que forma parte de la coalici\u00f3n Cambiemos, sostuvo tambi\u00e9n que \u00abdeben ser eliminadas\u00bb las Primarias Abiertas Simult\u00e1neas y Obligatorias (PASO) permanente discusi\u00f3n pol\u00edtica que ya no soporta\u201d.<\/p>\n\n\n\n<p>\u201cHoy la situaci\u00f3n de la gente es muy complicada y los pol\u00edticos debemos estar a la altura de las circunstancias, trabajando para resolver esos graves problemas que tienen\u201d, se\u00f1al\u00f3 Salazar.<\/p>\n\n\n\n<p>Respecto a las pr\u00f3ximas elecciones, el ex l\u00edder sindical de los trabajadores rurales se mostr\u00f3 convencido de que \u201cel triunfo de Cambiemos en San Pedro va a volver a ser contundente, como en 2015, con el 53%, y en 2017, con el 61%\u00bb.<\/p>\n\n\n\n<p>\u00abEn San Pedro, con la ayuda del gobierno nacional y provincial y con un inmenso esfuerzo de los sampedrinos se est\u00e1 llevando a cabo la mayor obra de infraestructura de la historia\u201d, enfatiz\u00f3.<br> Dijo tambi\u00e9n que en San Pedro est\u00e1n \u00ablogrando equilibrar simult\u00e1neamente la situaci\u00f3n de quebranto social y econ\u00f3mico heredada del kirchnerismo\u00bb.<\/p>\n\n\n\n<p>\u00abSin dudas, este a\u00f1o se decide el destino del pa\u00eds. O salimos definitivamente adelante o volvemos al oscuro pasado reciente al que pretende condenarnos el kirchnerismo\u00bb puntualiz\u00f3 Salazar.<\/p>\n","protected":false},"excerpt":{"rendered":"<p>El intendente de San Pedro, Cecilio Salazar, asegur\u00f3 hoy que en las pr\u00f3ximas elecciones \u201cla gente va a decidir por la Rep\u00fablica, va a rechazar al populismo exacerbado y fan\u00e1tico que encarn\u00f3 el kirchnerismo en sus 12 a\u00f1os de gobierno\u00bb, con lo que el presidente Mauricio Macri y la gobernadora bonaerense, Mar\u00eda Eugenia Vidal, \u00abvan [&hellip;]<\/p>\n","protected":false},"author":4,"featured_media":47394,"comment_status":"open","ping_status":"closed","sticky":false,"template":"","format":"standard","meta":{"om_disable_all_campaigns":false,"_jetpack_memberships_contains_paid_content":false,"footnotes":""},"categories":[50,2,102],"tags":[],"class_list":["post-47393","post","type-post","status-publish","format-standard","has-post-thumbnail","hentry","category-destacadas","category-locales","category-politica-locales"],"aioseo_notices":[],"gutentor_comment":0,"jetpack_featured_media_url":"https:\/\/eldiariodesanpedro.com.ar\/sitio\/wp-content\/uploads\/2019\/02\/PAGINA-5.png","jetpack_shortlink":"https:\/\/wp.me\/p6RhLt-ckp","jetpack_sharing_enabled":true,"_links":{"self":[{"href":"https:\/\/eldiariodesanpedro.com.ar\/sitio\/wp-json\/wp\/v2\/posts\/47393","targetHints":{"allow":["GET"]}}],"collection":[{"href":"https:\/\/eldiariodesanpedro.com.ar\/sitio\/wp-json\/wp\/v2\/posts"}],"about":[{"href":"https:\/\/eldiariodesanpedro.com.ar\/sitio\/wp-json\/wp\/v2\/types\/post"}],"author":[{"embeddable":true,"href":"https:\/\/eldiariodesanpedro.com.ar\/sitio\/wp-json\/wp\/v2\/users\/4"}],"replies":[{"embeddable":true,"href":"https:\/\/eldiariodesanpedro.com.ar\/sitio\/wp-json\/wp\/v2\/comments?post=47393"}],"version-history":[{"count":1,"href":"https:\/\/eldiariodesanpedro.com.ar\/sitio\/wp-json\/wp\/v2\/posts\/47393\/revisions"}],"predecessor-version":[{"id":47395,"href":"https:\/\/eldiariodesanpedro.com.ar\/sitio\/wp-json\/wp\/v2\/posts\/47393\/revisions\/47395"}],"wp:featuredmedia":[{"embeddable":true,"href":"https:\/\/eldiariodesanpedro.com.ar\/sitio\/wp-json\/wp\/v2\/media\/47394"}],"wp:attachment":[{"href":"https:\/\/eldiariodesanpedro.com.ar\/sitio\/wp-json\/wp\/v2\/media?parent=47393"}],"wp:term":[{"taxonomy":"category","embeddable":true,"href":"https:\/\/eldiariodesanpedro.com.ar\/sitio\/wp-json\/wp\/v2\/categories?post=47393"},{"taxonomy":"post_tag","embeddable":true,"href":"https:\/\/eldiariodesanpedro.com.ar\/sitio\/wp-json\/wp\/v2\/tags?post=47393"}],"curies":[{"name":"wp","href":"https:\/\/api.w.org\/{rel}","templated":true}]}}