{"id":47389,"date":"2019-02-11T11:15:05","date_gmt":"2019-02-11T14:15:05","guid":{"rendered":"https:\/\/eldiariodesanpedro.com.ar\/sitio\/?p=47389"},"modified":"2019-02-11T11:15:19","modified_gmt":"2019-02-11T14:15:19","slug":"vidal-firmo-el-decreto-y-eliseo-almada-es-el-presidente-del-consorcio-del-puerto","status":"publish","type":"post","link":"https:\/\/eldiariodesanpedro.com.ar\/sitio\/vidal-firmo-el-decreto-y-eliseo-almada-es-el-presidente-del-consorcio-del-puerto\/","title":{"rendered":"Vidal firm\u00f3 el decreto y Eliseo Almada es el Presidente del Consorcio del Puerto"},"content":{"rendered":"<!-- VideographyWP Plugin Message: Automatic video embedding prevented by plugin options. -->\n\n<p>Tras varias semanas de espera la gobernadora rubric\u00f3 el compromiso y el sindicalista ya est\u00e1 al frente del Consorcio de Gesti\u00f3n. <\/p>\n\n\n\n<p>Con la firma de la Gobernadora Bonaerense Mar\u00eda Eugenia Vidal, el sindicalista Eliseo Almada\u00a0se transform\u00f3 en el nuevo presidente del Consorcio del Puerto San Pedro.\u00a0<\/p>\n\n\n\n<p>El decreto fue refrendado el pasado 19 de enero y as\u00ed qued\u00f3 oficializada la asunci\u00f3n de Almada en lugar del Ingeniero&nbsp;Horacio Frangi que hab\u00eda presentado la renuncia en septiembre pasado.<\/p>\n\n\n\n<p>El flamante funcionario hab\u00eda sido propuesto ante la provincia por el Intendente Salazar, y m\u00e1s tarde avalado por las autoridades portuarias ni bien qued\u00f3 cesante el cargo en septiembre pasado.&nbsp;<\/p>\n\n\n\n<p>Almada, de reconocida trayectoria en el sindicalismo portuario, ven\u00eda desempe\u00f1\u00e1ndose como subsecretario legislativo en el Concejo Deliberante, lugar al que renunci\u00f3 para hacerse cargo del Consorcio.&nbsp;<\/p>\n\n\n\n<p>\u00abEsto le da el movimiento normal al puerto porque al no tener presidente era el Intendente el responsable del lugar\u00bb, dijo Almada en el aire de FM G\u00e9nesis.&nbsp;&nbsp;&nbsp;<\/p>\n\n\n\n<p>\u00abYa estamos trabajando, reunidos con los directores\u00a0y desarrollando todos los proyectos trazados\u00bb.<\/p>\n\n\n\n<p>Fuente: San Pedro Informa<\/p>\n","protected":false},"excerpt":{"rendered":"<p>Tras varias semanas de espera la gobernadora rubric\u00f3 el compromiso y el sindicalista ya est\u00e1 al frente del Consorcio de Gesti\u00f3n. Con la firma de la Gobernadora Bonaerense Mar\u00eda Eugenia Vidal, el sindicalista Eliseo Almada\u00a0se transform\u00f3 en el nuevo presidente del Consorcio del Puerto San Pedro.\u00a0 El decreto fue refrendado el pasado 19 de enero [&hellip;]<\/p>\n","protected":false},"author":4,"featured_media":47390,"comment_status":"open","ping_status":"closed","sticky":false,"template":"","format":"standard","meta":{"om_disable_all_campaigns":false,"_jetpack_memberships_contains_paid_content":false,"footnotes":""},"categories":[101,2],"tags":[],"class_list":["post-47389","post","type-post","status-publish","format-standard","has-post-thumbnail","hentry","category-interes-general-locales","category-locales"],"aioseo_notices":[],"gutentor_comment":0,"jetpack_featured_media_url":"https:\/\/eldiariodesanpedro.com.ar\/sitio\/wp-content\/uploads\/2019\/02\/000075376.jpg","jetpack_shortlink":"https:\/\/wp.me\/p6RhLt-ckl","jetpack_sharing_enabled":true,"_links":{"self":[{"href":"https:\/\/eldiariodesanpedro.com.ar\/sitio\/wp-json\/wp\/v2\/posts\/47389","targetHints":{"allow":["GET"]}}],"collection":[{"href":"https:\/\/eldiariodesanpedro.com.ar\/sitio\/wp-json\/wp\/v2\/posts"}],"about":[{"href":"https:\/\/eldiariodesanpedro.com.ar\/sitio\/wp-json\/wp\/v2\/types\/post"}],"author":[{"embeddable":true,"href":"https:\/\/eldiariodesanpedro.com.ar\/sitio\/wp-json\/wp\/v2\/users\/4"}],"replies":[{"embeddable":true,"href":"https:\/\/eldiariodesanpedro.com.ar\/sitio\/wp-json\/wp\/v2\/comments?post=47389"}],"version-history":[{"count":1,"href":"https:\/\/eldiariodesanpedro.com.ar\/sitio\/wp-json\/wp\/v2\/posts\/47389\/revisions"}],"predecessor-version":[{"id":47391,"href":"https:\/\/eldiariodesanpedro.com.ar\/sitio\/wp-json\/wp\/v2\/posts\/47389\/revisions\/47391"}],"wp:featuredmedia":[{"embeddable":true,"href":"https:\/\/eldiariodesanpedro.com.ar\/sitio\/wp-json\/wp\/v2\/media\/47390"}],"wp:attachment":[{"href":"https:\/\/eldiariodesanpedro.com.ar\/sitio\/wp-json\/wp\/v2\/media?parent=47389"}],"wp:term":[{"taxonomy":"category","embeddable":true,"href":"https:\/\/eldiariodesanpedro.com.ar\/sitio\/wp-json\/wp\/v2\/categories?post=47389"},{"taxonomy":"post_tag","embeddable":true,"href":"https:\/\/eldiariodesanpedro.com.ar\/sitio\/wp-json\/wp\/v2\/tags?post=47389"}],"curies":[{"name":"wp","href":"https:\/\/api.w.org\/{rel}","templated":true}]}}