{"id":47386,"date":"2019-02-11T11:13:14","date_gmt":"2019-02-11T14:13:14","guid":{"rendered":"https:\/\/eldiariodesanpedro.com.ar\/sitio\/?p=47386"},"modified":"2019-02-11T11:13:26","modified_gmt":"2019-02-11T14:13:26","slug":"perez-asumio-como-segundo-jefe-en-toda-la-provincia","status":"publish","type":"post","link":"https:\/\/eldiariodesanpedro.com.ar\/sitio\/perez-asumio-como-segundo-jefe-en-toda-la-provincia\/","title":{"rendered":"P\u00e9rez asumi\u00f3 como segundo jefe en toda la provincia"},"content":{"rendered":"<!-- VideographyWP Plugin Message: Automatic video embedding prevented by plugin options. -->\n\n<p>Se ven\u00eda desempe\u00f1ando en la\u00a0Superintendencia de Seguridad Vial de la Provincia de Buenos Aires y ahora fue designado\u00a0subjefe de la fuerza. <\/p>\n\n\n\n<p>Por disposici\u00f3n del Ministro de Seguridad Cristian Ritondo, el Comisario General Sergio Augusto P\u00e9rez, fue designado\u00a0subjefe de la Polic\u00eda de la Provincia de Buenos Aires. D\u00edas atr\u00e1s se hab\u00eda anunciado el pase a retiro del Comisario General Marcelo Seal, quien ven\u00eda de cumplir 36 a\u00f1os de servicio, y en su lugar asumi\u00f3 el funcionario oriundo de nuestra ciudad.\u00a0<\/p>\n\n\n\n<p>P\u00e9rez ha tenido una ascendente carrera dentro de la fuerza y bajo la \u00f3rbita de la actual gesti\u00f3n ya hab\u00eda sido nombrado jefe de la Superintendencia de Seguridad Vial de la Provincia de Buenos Aires, y ahora deja ese lugar para se el segundo jefe de la polic\u00eda.<\/p>\n\n\n\n<p>El flamante funcionario cuanta con una basta trayectoria\u00a0como polic\u00eda, fue Superintendente del Conurbano Norte, quedando a cargo de la Jefatura de Polic\u00eda de Tigre, Coordinaci\u00f3n Policial de Tigre y Polic\u00eda Buenos Aires 2. Fue jefe de la Polic\u00eda de nuestra ciudad en el a\u00f1o 2011.\u00a0\u00a0\u00a0<\/p>\n\n\n\n<p>Fuente: San Pedro Informa<\/p>\n","protected":false},"excerpt":{"rendered":"<p>Se ven\u00eda desempe\u00f1ando en la\u00a0Superintendencia de Seguridad Vial de la Provincia de Buenos Aires y ahora fue designado\u00a0subjefe de la fuerza. Por disposici\u00f3n del Ministro de Seguridad Cristian Ritondo, el Comisario General Sergio Augusto P\u00e9rez, fue designado\u00a0subjefe de la Polic\u00eda de la Provincia de Buenos Aires. D\u00edas atr\u00e1s se hab\u00eda anunciado el pase a retiro [&hellip;]<\/p>\n","protected":false},"author":4,"featured_media":47387,"comment_status":"open","ping_status":"closed","sticky":false,"template":"","format":"standard","meta":{"om_disable_all_campaigns":false,"_jetpack_memberships_contains_paid_content":false,"footnotes":""},"categories":[621],"tags":[],"class_list":["post-47386","post","type-post","status-publish","format-standard","has-post-thumbnail","hentry","category-regionales"],"aioseo_notices":[],"gutentor_comment":0,"jetpack_featured_media_url":"https:\/\/eldiariodesanpedro.com.ar\/sitio\/wp-content\/uploads\/2019\/02\/000075398.jpg","jetpack_shortlink":"https:\/\/wp.me\/p6RhLt-cki","jetpack_sharing_enabled":true,"_links":{"self":[{"href":"https:\/\/eldiariodesanpedro.com.ar\/sitio\/wp-json\/wp\/v2\/posts\/47386","targetHints":{"allow":["GET"]}}],"collection":[{"href":"https:\/\/eldiariodesanpedro.com.ar\/sitio\/wp-json\/wp\/v2\/posts"}],"about":[{"href":"https:\/\/eldiariodesanpedro.com.ar\/sitio\/wp-json\/wp\/v2\/types\/post"}],"author":[{"embeddable":true,"href":"https:\/\/eldiariodesanpedro.com.ar\/sitio\/wp-json\/wp\/v2\/users\/4"}],"replies":[{"embeddable":true,"href":"https:\/\/eldiariodesanpedro.com.ar\/sitio\/wp-json\/wp\/v2\/comments?post=47386"}],"version-history":[{"count":1,"href":"https:\/\/eldiariodesanpedro.com.ar\/sitio\/wp-json\/wp\/v2\/posts\/47386\/revisions"}],"predecessor-version":[{"id":47388,"href":"https:\/\/eldiariodesanpedro.com.ar\/sitio\/wp-json\/wp\/v2\/posts\/47386\/revisions\/47388"}],"wp:featuredmedia":[{"embeddable":true,"href":"https:\/\/eldiariodesanpedro.com.ar\/sitio\/wp-json\/wp\/v2\/media\/47387"}],"wp:attachment":[{"href":"https:\/\/eldiariodesanpedro.com.ar\/sitio\/wp-json\/wp\/v2\/media?parent=47386"}],"wp:term":[{"taxonomy":"category","embeddable":true,"href":"https:\/\/eldiariodesanpedro.com.ar\/sitio\/wp-json\/wp\/v2\/categories?post=47386"},{"taxonomy":"post_tag","embeddable":true,"href":"https:\/\/eldiariodesanpedro.com.ar\/sitio\/wp-json\/wp\/v2\/tags?post=47386"}],"curies":[{"name":"wp","href":"https:\/\/api.w.org\/{rel}","templated":true}]}}