{"id":4738,"date":"2016-05-26T18:49:03","date_gmt":"2016-05-26T21:49:03","guid":{"rendered":"https:\/\/eldiariodesanpedro.com.ar\/sitio\/?p=4738"},"modified":"2026-01-24T00:35:50","modified_gmt":"2026-01-24T03:35:50","slug":"pescadores-running-team-importante-delegacion-competira-en-brasil-el-domingo-29","status":"publish","type":"post","link":"https:\/\/eldiariodesanpedro.com.ar\/sitio\/pescadores-running-team-importante-delegacion-competira-en-brasil-el-domingo-29\/","title":{"rendered":"Pescadores Running Team: Importante delegaci\u00f3n competir\u00e1 en Brasil el domingo 29"},"content":{"rendered":"<p><!-- VideographyWP Plugin Message: Automatic video embedding prevented by plugin options. --><br \/>\nEl 29 de mayo el equipo de atletismo viajar\u00e1 a Brasil para participar de la Marat\u00f3n de R\u00edo, marat\u00f3n emblem\u00e1tica de Sudam\u00e9rica.<br \/>\nA las 7.30 del domingo estar\u00e1n listos para escuchar la sirena de largada y recorrer los 42 km 195 mts por las calles de la ciudad de R\u00edo de Janeiro. Dentro del equipo, tres participar\u00e1n en el 21k de la misma marat\u00f3n.<br \/>\nEs la primera vez en la historia sampedrina que viaja una delegaci\u00f3n de esta magnitud a correr una marat\u00f3n internacional y siendo del mismo club. Realmente, incre\u00edble el crecimiento de a\u00f1o tras a\u00f1o del running team.<br \/>\nEl equipo de 42k se conforma de la siguiente manera: Javier Panateri, Gerardo Gord\u00f3, Marcelo Far\u00edas, Gustavo Peralta, Daniel Churruar\u00edn, Roberto Boffa, Walter Pereyra, Joaqu\u00edn Riggio, Pablo Scioscia y Viviana G\u00f3mez, y en los 21k, Marina Garibaldi, Jos\u00e9 Macchia y Alfredo Pereyra.<\/p>\n","protected":false},"excerpt":{"rendered":"<p>El 29 de mayo el equipo de atletismo viajar\u00e1 a Brasil para participar de la Marat\u00f3n de R\u00edo, marat\u00f3n emblem\u00e1tica de Sudam\u00e9rica. A las 7.30 del domingo estar\u00e1n listos para escuchar la sirena de largada y recorrer los 42 km 195 mts por las calles de la ciudad de R\u00edo de Janeiro. Dentro del equipo, [&hellip;]<\/p>\n","protected":false},"author":4,"featured_media":4739,"comment_status":"open","ping_status":"closed","sticky":false,"template":"","format":"standard","meta":{"om_disable_all_campaigns":false,"_jetpack_memberships_contains_paid_content":false,"footnotes":""},"categories":[5],"tags":[],"class_list":["post-4738","post","type-post","status-publish","format-standard","has-post-thumbnail","hentry","category-deportes"],"aioseo_notices":[],"gutentor_comment":0,"jetpack_featured_media_url":"https:\/\/eldiariodesanpedro.com.ar\/sitio\/wp-content\/uploads\/2016\/05\/11752625_1066145173425948_8735113689996176635_n.jpg","jetpack_shortlink":"https:\/\/wp.me\/p6RhLt-1eq","jetpack_sharing_enabled":true,"_links":{"self":[{"href":"https:\/\/eldiariodesanpedro.com.ar\/sitio\/wp-json\/wp\/v2\/posts\/4738","targetHints":{"allow":["GET"]}}],"collection":[{"href":"https:\/\/eldiariodesanpedro.com.ar\/sitio\/wp-json\/wp\/v2\/posts"}],"about":[{"href":"https:\/\/eldiariodesanpedro.com.ar\/sitio\/wp-json\/wp\/v2\/types\/post"}],"author":[{"embeddable":true,"href":"https:\/\/eldiariodesanpedro.com.ar\/sitio\/wp-json\/wp\/v2\/users\/4"}],"replies":[{"embeddable":true,"href":"https:\/\/eldiariodesanpedro.com.ar\/sitio\/wp-json\/wp\/v2\/comments?post=4738"}],"version-history":[{"count":1,"href":"https:\/\/eldiariodesanpedro.com.ar\/sitio\/wp-json\/wp\/v2\/posts\/4738\/revisions"}],"predecessor-version":[{"id":4740,"href":"https:\/\/eldiariodesanpedro.com.ar\/sitio\/wp-json\/wp\/v2\/posts\/4738\/revisions\/4740"}],"wp:featuredmedia":[{"embeddable":true,"href":"https:\/\/eldiariodesanpedro.com.ar\/sitio\/wp-json\/wp\/v2\/media\/4739"}],"wp:attachment":[{"href":"https:\/\/eldiariodesanpedro.com.ar\/sitio\/wp-json\/wp\/v2\/media?parent=4738"}],"wp:term":[{"taxonomy":"category","embeddable":true,"href":"https:\/\/eldiariodesanpedro.com.ar\/sitio\/wp-json\/wp\/v2\/categories?post=4738"},{"taxonomy":"post_tag","embeddable":true,"href":"https:\/\/eldiariodesanpedro.com.ar\/sitio\/wp-json\/wp\/v2\/tags?post=4738"}],"curies":[{"name":"wp","href":"https:\/\/api.w.org\/{rel}","templated":true}]}}