{"id":47376,"date":"2019-02-11T10:57:19","date_gmt":"2019-02-11T13:57:19","guid":{"rendered":"https:\/\/eldiariodesanpedro.com.ar\/sitio\/?p=47376"},"modified":"2019-02-11T10:57:28","modified_gmt":"2019-02-11T13:57:28","slug":"escobar-dio-a-luz-a-un-bebe-y-lo-abandono-en-un-basural-del-barrio-cabot","status":"publish","type":"post","link":"https:\/\/eldiariodesanpedro.com.ar\/sitio\/escobar-dio-a-luz-a-un-bebe-y-lo-abandono-en-un-basural-del-barrio-cabot\/","title":{"rendered":"ESCOBAR: Dio a luz a un beb\u00e9 y lo abandon\u00f3 en un basural del barrio Cabot"},"content":{"rendered":"<!-- VideographyWP Plugin Message: Automatic video embedding prevented by plugin options. -->\n\n<p>\n\nEl reci\u00e9n nacido fue encontrado por una vecina que lo llev\u00f3 a su domicilio y alert\u00f3 a las autoridades policiales. Actualmente est\u00e1 en el hospital Erill, en buenas condiciones. Se desconoce el paradero de su madre.<\/p>\n\n\n\n<p>Un beb\u00e9 reci\u00e9n nacido apareci\u00f3 abandonado en un basural del barrio Cabot, &nbsp;en la localidad de Gar\u00edn, y fue rescatado por una vecina que lo socorri\u00f3 y alert\u00f3 a las autoridades policiales. Actualmente est\u00e1 internado en buenas condiciones en el hospital provincial de Escobar.<\/p>\n\n\n\n<p>El escalofriante hecho se conoci\u00f3 a trav\u00e9s de un llamado al 911 que formul\u00f3 Vanesa Aranda, de 27 a\u00f1os, notificando el hallazgo del reci\u00e9n nacido. Cuando el personal del Comando de Patrullas de Escobar se hizo presente en su domicilio, sobre la calle Tierra del Fuego, entre 6 y 8, la mujer relat\u00f3 que hab\u00eda encontrado al beb\u00e9 en un terreno cercano que funciona como basural a cielo abierto.<\/p>\n\n\n\n<p>Explic\u00f3 que lo llev\u00f3 a su casa para darle las primeras atenciones y que reci\u00e9n entonces report\u00f3 el caso a las autoridades, seg\u00fan relataron fuentes policiales consultadas por&nbsp;El D\u00eda de Escobar.<\/p>\n\n\n\n<p>Momentos despu\u00e9s, el nene fue trasladado de urgencia al hospital Erill, donde recibi\u00f3 atenci\u00f3n profesional y qued\u00f3 internado en buen estado general.<\/p>\n\n\n\n<p>Mientras tanto, efectivos policiales de la comisar\u00eda de Gar\u00edn realizan diferentes procedimientos para dar con el paradero de la mujer que abandon\u00f3 al peque\u00f1o.<\/p>\n\n\n\n<p>El estremecedor hecho ocurri\u00f3 el domingo al mediod\u00eda, pero reci\u00e9n trascendi\u00f3 en las \u00faltimas horas.<\/p>\n\n\n\n<p>Fuente:  El Dia de Escobar <\/p>\n","protected":false},"excerpt":{"rendered":"<p>El reci\u00e9n nacido fue encontrado por una vecina que lo llev\u00f3 a su domicilio y alert\u00f3 a las autoridades policiales. Actualmente est\u00e1 en el hospital Erill, en buenas condiciones. Se desconoce el paradero de su madre. Un beb\u00e9 reci\u00e9n nacido apareci\u00f3 abandonado en un basural del barrio Cabot, &nbsp;en la localidad de Gar\u00edn, y fue [&hellip;]<\/p>\n","protected":false},"author":4,"featured_media":47377,"comment_status":"open","ping_status":"closed","sticky":false,"template":"","format":"standard","meta":{"om_disable_all_campaigns":false,"_jetpack_memberships_contains_paid_content":false,"footnotes":""},"categories":[621],"tags":[],"class_list":["post-47376","post","type-post","status-publish","format-standard","has-post-thumbnail","hentry","category-regionales"],"aioseo_notices":[],"gutentor_comment":0,"jetpack_featured_media_url":"https:\/\/eldiariodesanpedro.com.ar\/sitio\/wp-content\/uploads\/2019\/02\/pl_0.jpg","jetpack_shortlink":"https:\/\/wp.me\/p6RhLt-ck8","jetpack_sharing_enabled":true,"_links":{"self":[{"href":"https:\/\/eldiariodesanpedro.com.ar\/sitio\/wp-json\/wp\/v2\/posts\/47376","targetHints":{"allow":["GET"]}}],"collection":[{"href":"https:\/\/eldiariodesanpedro.com.ar\/sitio\/wp-json\/wp\/v2\/posts"}],"about":[{"href":"https:\/\/eldiariodesanpedro.com.ar\/sitio\/wp-json\/wp\/v2\/types\/post"}],"author":[{"embeddable":true,"href":"https:\/\/eldiariodesanpedro.com.ar\/sitio\/wp-json\/wp\/v2\/users\/4"}],"replies":[{"embeddable":true,"href":"https:\/\/eldiariodesanpedro.com.ar\/sitio\/wp-json\/wp\/v2\/comments?post=47376"}],"version-history":[{"count":1,"href":"https:\/\/eldiariodesanpedro.com.ar\/sitio\/wp-json\/wp\/v2\/posts\/47376\/revisions"}],"predecessor-version":[{"id":47378,"href":"https:\/\/eldiariodesanpedro.com.ar\/sitio\/wp-json\/wp\/v2\/posts\/47376\/revisions\/47378"}],"wp:featuredmedia":[{"embeddable":true,"href":"https:\/\/eldiariodesanpedro.com.ar\/sitio\/wp-json\/wp\/v2\/media\/47377"}],"wp:attachment":[{"href":"https:\/\/eldiariodesanpedro.com.ar\/sitio\/wp-json\/wp\/v2\/media?parent=47376"}],"wp:term":[{"taxonomy":"category","embeddable":true,"href":"https:\/\/eldiariodesanpedro.com.ar\/sitio\/wp-json\/wp\/v2\/categories?post=47376"},{"taxonomy":"post_tag","embeddable":true,"href":"https:\/\/eldiariodesanpedro.com.ar\/sitio\/wp-json\/wp\/v2\/tags?post=47376"}],"curies":[{"name":"wp","href":"https:\/\/api.w.org\/{rel}","templated":true}]}}