{"id":47373,"date":"2019-02-11T11:08:18","date_gmt":"2019-02-11T14:08:18","guid":{"rendered":"https:\/\/eldiariodesanpedro.com.ar\/sitio\/?p=47373"},"modified":"2019-02-11T11:10:03","modified_gmt":"2019-02-11T14:10:03","slug":"salazar-me-molesto-mucho-que-pami-no-me-comunicara-su-decision","status":"publish","type":"post","link":"https:\/\/eldiariodesanpedro.com.ar\/sitio\/salazar-me-molesto-mucho-que-pami-no-me-comunicara-su-decision\/","title":{"rendered":"Salazar: \u00abMe molesto mucho que PAMI no me comunicara su decisi\u00f3n\u00bb"},"content":{"rendered":"<!-- VideographyWP Plugin Message: Automatic video embedding prevented by plugin options. -->\n\n<p>Tras el cierre de la dependencia de PAMI en la localidad vecina de Santa Lucia, el Jefe Comunal dialogo con los medios y expreso su descontento \u00abno me avisaron, no me comunicaron nada de esta decisi\u00f3n, PAMI no tiene gastos ah\u00ed, no tiene porque cerrar\u00bb.<\/p>\n\n\n\n<p>Este lunes por la ma\u00f1ana vecinos de la localidad tuvieron una convocatoria frente a la delegaci\u00f3n para reclamar por el mal estado de la ruta de acceso, por la seguridad y por el cierre de las oficinas de PAMI.<\/p>\n\n\n\n<p>Silvio Corti, Secretario de Gobierno  y Eduardo Rolleri, Secretario de Seguridad, se hicieron presentes para dialogar con los vecinos y escuchar sus reclamos.<\/p>\n\n\n\n<p>Por otro, el Intendente Cecilio Salazar, dialogo con un medio radial sobre distintos temas de la actualidad y expreso su descontento con el cierre de la dependencia de PAMI \u00abno sabia nada de esto, no me lo comunicaron antes, mas all\u00e1 de haber tenido tomada la decisi\u00f3n como para escuchar mi opini\u00f3n de que si estaba de acuerdo o no, la realidad es que PAMI no tiene gastos en Santa Lucia, tiene una empleada, y no paga alquiler, pagan la luz nada mas, la oficina esta dentro de centro de jubilados, me parece que son decisiones que se toman detr\u00e1s de un escritorio\u00bb<\/p>\n\n\n\n<p>Salazar tambi\u00e9n  cont\u00f3 que elev\u00f3 al Director del PAMI, Licenciado Sergio Cassinotti, una nota en la que expresa \u00absu preocupaci\u00f3n por la resoluci\u00f3n 225 que indica una reducci\u00f3n en los d\u00edas de atenci\u00f3n en la\u00a0 delegaci\u00f3n PAMI Santa Lucia (Partido de San Pedro)\u00bb.<\/p>\n\n\n\n<p>En la carta, Salazar considera \u00abque PAMI no logra ning\u00fan beneficio con esta decisi\u00f3n ya que en esta localidad sus oficinas no tienen costo, en lo que respecta al alquiler y servicios ya que las actividades se desarrollan en el club de jubilados\u00bb. <\/p>\n","protected":false},"excerpt":{"rendered":"<p>Tras el cierre de la dependencia de PAMI en la localidad vecina de Santa Lucia, el Jefe Comunal dialogo con los medios y expreso su descontento \u00abno me avisaron, no me comunicaron nada de esta decisi\u00f3n, PAMI no tiene gastos ah\u00ed, no tiene porque cerrar\u00bb. Este lunes por la ma\u00f1ana vecinos de la localidad tuvieron [&hellip;]<\/p>\n","protected":false},"author":4,"featured_media":11324,"comment_status":"open","ping_status":"closed","sticky":false,"template":"","format":"standard","meta":{"om_disable_all_campaigns":false,"_jetpack_memberships_contains_paid_content":false,"footnotes":""},"categories":[101,2],"tags":[],"class_list":["post-47373","post","type-post","status-publish","format-standard","has-post-thumbnail","hentry","category-interes-general-locales","category-locales"],"aioseo_notices":[],"gutentor_comment":0,"jetpack_featured_media_url":"https:\/\/eldiariodesanpedro.com.ar\/sitio\/wp-content\/uploads\/2016\/12\/foto-cecilio-.jpg","jetpack_shortlink":"https:\/\/wp.me\/p6RhLt-ck5","jetpack_sharing_enabled":true,"_links":{"self":[{"href":"https:\/\/eldiariodesanpedro.com.ar\/sitio\/wp-json\/wp\/v2\/posts\/47373","targetHints":{"allow":["GET"]}}],"collection":[{"href":"https:\/\/eldiariodesanpedro.com.ar\/sitio\/wp-json\/wp\/v2\/posts"}],"about":[{"href":"https:\/\/eldiariodesanpedro.com.ar\/sitio\/wp-json\/wp\/v2\/types\/post"}],"author":[{"embeddable":true,"href":"https:\/\/eldiariodesanpedro.com.ar\/sitio\/wp-json\/wp\/v2\/users\/4"}],"replies":[{"embeddable":true,"href":"https:\/\/eldiariodesanpedro.com.ar\/sitio\/wp-json\/wp\/v2\/comments?post=47373"}],"version-history":[{"count":4,"href":"https:\/\/eldiariodesanpedro.com.ar\/sitio\/wp-json\/wp\/v2\/posts\/47373\/revisions"}],"predecessor-version":[{"id":47385,"href":"https:\/\/eldiariodesanpedro.com.ar\/sitio\/wp-json\/wp\/v2\/posts\/47373\/revisions\/47385"}],"wp:featuredmedia":[{"embeddable":true,"href":"https:\/\/eldiariodesanpedro.com.ar\/sitio\/wp-json\/wp\/v2\/media\/11324"}],"wp:attachment":[{"href":"https:\/\/eldiariodesanpedro.com.ar\/sitio\/wp-json\/wp\/v2\/media?parent=47373"}],"wp:term":[{"taxonomy":"category","embeddable":true,"href":"https:\/\/eldiariodesanpedro.com.ar\/sitio\/wp-json\/wp\/v2\/categories?post=47373"},{"taxonomy":"post_tag","embeddable":true,"href":"https:\/\/eldiariodesanpedro.com.ar\/sitio\/wp-json\/wp\/v2\/tags?post=47373"}],"curies":[{"name":"wp","href":"https:\/\/api.w.org\/{rel}","templated":true}]}}