{"id":47372,"date":"2019-02-11T10:54:12","date_gmt":"2019-02-11T13:54:12","guid":{"rendered":"https:\/\/eldiariodesanpedro.com.ar\/sitio\/?p=47372"},"modified":"2019-02-11T10:54:52","modified_gmt":"2019-02-11T13:54:52","slug":"zarate-fue-dado-de-alta-el-zarateno-que-contrajo-hantavirus","status":"publish","type":"post","link":"https:\/\/eldiariodesanpedro.com.ar\/sitio\/zarate-fue-dado-de-alta-el-zarateno-que-contrajo-hantavirus\/","title":{"rendered":"Z\u00c1RATE: Fue dado de alta el zarate\u00f1o que contrajo hantavirus"},"content":{"rendered":"<!-- VideographyWP Plugin Message: Automatic video embedding prevented by plugin options. -->\n\n<p>Esteban Barrientos, el joven de 34 a\u00f1os de edad que contrajo hantavirus en nuestra ciudad, fue dado de alto al permanecer casi tres semanas internado en la Cl\u00ednica Bazterrica, de Capital Federal.<\/p>\n\n\n\n<p>El virus, se cree que lo contrajo en su lugar de trabajo, TZ. Ya se encuentra en su vivienda de Villa Angus para afrontar el per\u00edodo de recuperaci\u00f3n. El empleado portuario fue atendido inicialmente en el hospital zonal, luego lo trasladaron hacia la Cl\u00ednica del Carmen y de all\u00ed\u00a0a la Cl\u00ednica Bazterrica. Uno de los \u00faltimos casos detectados en territorio bonaerense, fue un recluso que cumpl\u00eda condena en la Unidad Penitenciaria N\u00ba 28, de la localidad bonaerense de Magdalena, quien contrajo hantavirus y fue trasladado hasta el Hospital San Juan de Dios de La Plata; contabilizando un total de 6 hasta el momento en la provincia de Buenos Aires.<\/p>\n\n\n\n<p>Fuente: Diario La Voz de Zarate <\/p>\n","protected":false},"excerpt":{"rendered":"<p>Esteban Barrientos, el joven de 34 a\u00f1os de edad que contrajo hantavirus en nuestra ciudad, fue dado de alto al permanecer casi tres semanas internado en la Cl\u00ednica Bazterrica, de Capital Federal. El virus, se cree que lo contrajo en su lugar de trabajo, TZ. Ya se encuentra en su vivienda de Villa Angus para [&hellip;]<\/p>\n","protected":false},"author":4,"featured_media":47374,"comment_status":"open","ping_status":"closed","sticky":false,"template":"","format":"standard","meta":{"om_disable_all_campaigns":false,"_jetpack_memberships_contains_paid_content":false,"footnotes":""},"categories":[621],"tags":[],"class_list":["post-47372","post","type-post","status-publish","format-standard","has-post-thumbnail","hentry","category-regionales"],"aioseo_notices":[],"gutentor_comment":0,"jetpack_featured_media_url":"https:\/\/eldiariodesanpedro.com.ar\/sitio\/wp-content\/uploads\/2019\/02\/zarate_57.jpg","jetpack_shortlink":"https:\/\/wp.me\/p6RhLt-ck4","jetpack_sharing_enabled":true,"_links":{"self":[{"href":"https:\/\/eldiariodesanpedro.com.ar\/sitio\/wp-json\/wp\/v2\/posts\/47372","targetHints":{"allow":["GET"]}}],"collection":[{"href":"https:\/\/eldiariodesanpedro.com.ar\/sitio\/wp-json\/wp\/v2\/posts"}],"about":[{"href":"https:\/\/eldiariodesanpedro.com.ar\/sitio\/wp-json\/wp\/v2\/types\/post"}],"author":[{"embeddable":true,"href":"https:\/\/eldiariodesanpedro.com.ar\/sitio\/wp-json\/wp\/v2\/users\/4"}],"replies":[{"embeddable":true,"href":"https:\/\/eldiariodesanpedro.com.ar\/sitio\/wp-json\/wp\/v2\/comments?post=47372"}],"version-history":[{"count":1,"href":"https:\/\/eldiariodesanpedro.com.ar\/sitio\/wp-json\/wp\/v2\/posts\/47372\/revisions"}],"predecessor-version":[{"id":47375,"href":"https:\/\/eldiariodesanpedro.com.ar\/sitio\/wp-json\/wp\/v2\/posts\/47372\/revisions\/47375"}],"wp:featuredmedia":[{"embeddable":true,"href":"https:\/\/eldiariodesanpedro.com.ar\/sitio\/wp-json\/wp\/v2\/media\/47374"}],"wp:attachment":[{"href":"https:\/\/eldiariodesanpedro.com.ar\/sitio\/wp-json\/wp\/v2\/media?parent=47372"}],"wp:term":[{"taxonomy":"category","embeddable":true,"href":"https:\/\/eldiariodesanpedro.com.ar\/sitio\/wp-json\/wp\/v2\/categories?post=47372"},{"taxonomy":"post_tag","embeddable":true,"href":"https:\/\/eldiariodesanpedro.com.ar\/sitio\/wp-json\/wp\/v2\/tags?post=47372"}],"curies":[{"name":"wp","href":"https:\/\/api.w.org\/{rel}","templated":true}]}}