{"id":47368,"date":"2019-02-11T10:51:42","date_gmt":"2019-02-11T13:51:42","guid":{"rendered":"https:\/\/eldiariodesanpedro.com.ar\/sitio\/?p=47368"},"modified":"2019-02-11T10:51:57","modified_gmt":"2019-02-11T13:51:57","slug":"san-nicolas-ufi-n-1-y-prefectura-desbaratan-kiosco-de-ventas-de-drogas-en-b-14-de-abril","status":"publish","type":"post","link":"https:\/\/eldiariodesanpedro.com.ar\/sitio\/san-nicolas-ufi-n-1-y-prefectura-desbaratan-kiosco-de-ventas-de-drogas-en-b-14-de-abril\/","title":{"rendered":"SAN NICOL\u00c1S: UFI N\u00b0 1 y Prefectura desbaratan kiosco de ventas de drogas en B\u00b0 14 de Abril"},"content":{"rendered":"<!-- VideographyWP Plugin Message: Automatic video embedding prevented by plugin options. -->\n\n<p>La presente investigaci\u00f3n Penal se inicia en principios del mes de diciembre de 2018, a ra\u00edz de una denuncia efectuada por personal de Prefectura Naval Argentina, Delegaci\u00f3n de Inteligencia e Investigaciones San Nicol\u00e1s, que da cuenta que en el B\u00b0 14 de Abril, dos sujetos familiares entre s\u00ed y de apellido Inza domiciliados en calle Chacabuco N\u00b0 365,comercializaban estupefacientes en el interior de su vivienda.<\/p>\n\n\n\n<p>Luego de una intensa investigaci\u00f3n por parte de personal de la brigada de inteligencia de dicha fuerza nacional, en un mes se colectaron diversos elementos de prueba que avalaron que en dicho lugar se realizaban maniobras compatibles con la venta de estupefacientes.<\/p>\n\n\n\n<p>Alrededor de las 21:30 horas de el viernes 8 de febrero, personal Judicial de la UFI N\u00b0 1, acompa\u00f1ado de aproximadamente veinte efectivos policiales, provenientes de Prefectura San Nicol\u00e1s, Rosario, y Arroyo Seco, abordo de cuatro m\u00f3viles, juntamente con la secci\u00f3n canes, irrumpieron en el domicilio de menci\u00f3n, logrando secuestrar, una balanza, material estupefaciente, recortes de nylon producto del fraccionamiento de drogas, un arma de fuego tipo calibre 22, cartuchos de escopeta, elementos para el estiramiento, y se obtuvieron declaraciones testimoniales en el lugar de los hechos.<\/p>\n\n\n\n<p>La Fiscal Mar\u00eda Ver\u00f3nica Marcantonio dispuso la aprensi\u00f3n del indicado Walter Inza en orden al delito de comercializaci\u00f3n de estupefacientes. Posteriormente se dispuso el traslado del detenido a los calabozos de la Prefectura Naval Argentina, y que el mismo sea trasladado UFI N\u00b0 1 el d\u00eda s\u00e1bado 9 del corriente a los fines de recibir declaraci\u00f3n indagatoria de los hechos. <\/p>\n\n\n\n<figure class=\"wp-block-image\"><img decoding=\"async\" width=\"700\" height=\"394\" data-attachment-id=\"47369\" data-permalink=\"https:\/\/eldiariodesanpedro.com.ar\/sitio\/san-nicolas-ufi-n-1-y-prefectura-desbaratan-kiosco-de-ventas-de-drogas-en-b-14-de-abril\/no_34e57eirvsq3k1ewhatsapp_image_2019_02_09_at_23\/\" data-orig-file=\"https:\/\/eldiariodesanpedro.com.ar\/sitio\/wp-content\/uploads\/2019\/02\/no_34e57eirvsq3k1eWhatsApp_Image_2019_02_09_at_23.jpg\" data-orig-size=\"700,394\" data-comments-opened=\"1\" data-image-meta=\"{&quot;aperture&quot;:&quot;0&quot;,&quot;credit&quot;:&quot;&quot;,&quot;camera&quot;:&quot;&quot;,&quot;caption&quot;:&quot;&quot;,&quot;created_timestamp&quot;:&quot;0&quot;,&quot;copyright&quot;:&quot;&quot;,&quot;focal_length&quot;:&quot;0&quot;,&quot;iso&quot;:&quot;0&quot;,&quot;shutter_speed&quot;:&quot;0&quot;,&quot;title&quot;:&quot;&quot;,&quot;orientation&quot;:&quot;0&quot;}\" data-image-title=\"no_34e57eirvsq3k1eWhatsApp_Image_2019_02_09_at_23\" data-image-description=\"\" data-image-caption=\"\" data-large-file=\"https:\/\/eldiariodesanpedro.com.ar\/sitio\/wp-content\/uploads\/2019\/02\/no_34e57eirvsq3k1eWhatsApp_Image_2019_02_09_at_23.jpg\" data-src=\"https:\/\/eldiariodesanpedro.com.ar\/sitio\/wp-content\/uploads\/2019\/02\/no_34e57eirvsq3k1eWhatsApp_Image_2019_02_09_at_23.jpg\" alt=\"\" class=\"wp-image-47369 lazyload\" data-srcset=\"https:\/\/eldiariodesanpedro.com.ar\/sitio\/wp-content\/uploads\/2019\/02\/no_34e57eirvsq3k1eWhatsApp_Image_2019_02_09_at_23.jpg 700w, https:\/\/eldiariodesanpedro.com.ar\/sitio\/wp-content\/uploads\/2019\/02\/no_34e57eirvsq3k1eWhatsApp_Image_2019_02_09_at_23-300x169.jpg 300w\" data-sizes=\"(max-width: 700px) 100vw, 700px\" src=\"data:image\/svg+xml;base64,PHN2ZyB3aWR0aD0iMSIgaGVpZ2h0PSIxIiB4bWxucz0iaHR0cDovL3d3dy53My5vcmcvMjAwMC9zdmciPjwvc3ZnPg==\" style=\"--smush-placeholder-width: 700px; --smush-placeholder-aspect-ratio: 700\/394;\" \/><\/figure>\n\n\n\n<p>Fuente: Diario El Informante<\/p>\n","protected":false},"excerpt":{"rendered":"<p>La presente investigaci\u00f3n Penal se inicia en principios del mes de diciembre de 2018, a ra\u00edz de una denuncia efectuada por personal de Prefectura Naval Argentina, Delegaci\u00f3n de Inteligencia e Investigaciones San Nicol\u00e1s, que da cuenta que en el B\u00b0 14 de Abril, dos sujetos familiares entre s\u00ed y de apellido Inza domiciliados en calle [&hellip;]<\/p>\n","protected":false},"author":4,"featured_media":47370,"comment_status":"open","ping_status":"closed","sticky":false,"template":"","format":"standard","meta":{"om_disable_all_campaigns":false,"_jetpack_memberships_contains_paid_content":false,"footnotes":""},"categories":[621],"tags":[],"class_list":["post-47368","post","type-post","status-publish","format-standard","has-post-thumbnail","hentry","category-regionales"],"aioseo_notices":[],"gutentor_comment":0,"jetpack_featured_media_url":"https:\/\/eldiariodesanpedro.com.ar\/sitio\/wp-content\/uploads\/2019\/02\/no_n00xmq9383hb8j4pp.jpg","jetpack_shortlink":"https:\/\/wp.me\/p6RhLt-ck0","jetpack_sharing_enabled":true,"_links":{"self":[{"href":"https:\/\/eldiariodesanpedro.com.ar\/sitio\/wp-json\/wp\/v2\/posts\/47368","targetHints":{"allow":["GET"]}}],"collection":[{"href":"https:\/\/eldiariodesanpedro.com.ar\/sitio\/wp-json\/wp\/v2\/posts"}],"about":[{"href":"https:\/\/eldiariodesanpedro.com.ar\/sitio\/wp-json\/wp\/v2\/types\/post"}],"author":[{"embeddable":true,"href":"https:\/\/eldiariodesanpedro.com.ar\/sitio\/wp-json\/wp\/v2\/users\/4"}],"replies":[{"embeddable":true,"href":"https:\/\/eldiariodesanpedro.com.ar\/sitio\/wp-json\/wp\/v2\/comments?post=47368"}],"version-history":[{"count":1,"href":"https:\/\/eldiariodesanpedro.com.ar\/sitio\/wp-json\/wp\/v2\/posts\/47368\/revisions"}],"predecessor-version":[{"id":47371,"href":"https:\/\/eldiariodesanpedro.com.ar\/sitio\/wp-json\/wp\/v2\/posts\/47368\/revisions\/47371"}],"wp:featuredmedia":[{"embeddable":true,"href":"https:\/\/eldiariodesanpedro.com.ar\/sitio\/wp-json\/wp\/v2\/media\/47370"}],"wp:attachment":[{"href":"https:\/\/eldiariodesanpedro.com.ar\/sitio\/wp-json\/wp\/v2\/media?parent=47368"}],"wp:term":[{"taxonomy":"category","embeddable":true,"href":"https:\/\/eldiariodesanpedro.com.ar\/sitio\/wp-json\/wp\/v2\/categories?post=47368"},{"taxonomy":"post_tag","embeddable":true,"href":"https:\/\/eldiariodesanpedro.com.ar\/sitio\/wp-json\/wp\/v2\/tags?post=47368"}],"curies":[{"name":"wp","href":"https:\/\/api.w.org\/{rel}","templated":true}]}}