{"id":47357,"date":"2019-02-11T10:03:16","date_gmt":"2019-02-11T13:03:16","guid":{"rendered":"https:\/\/eldiariodesanpedro.com.ar\/sitio\/?p=47357"},"modified":"2019-02-11T10:03:28","modified_gmt":"2019-02-11T13:03:28","slug":"aprehendido-por-agredir-a-su-ex-pareja","status":"publish","type":"post","link":"https:\/\/eldiariodesanpedro.com.ar\/sitio\/aprehendido-por-agredir-a-su-ex-pareja\/","title":{"rendered":"Aprehendido por agredir a su ex pareja"},"content":{"rendered":"<!-- VideographyWP Plugin Message: Automatic video embedding prevented by plugin options. -->\n\n<p>Un nuevo hecho de violencia familiar se vivi\u00f3 a primeras horas de esta ma\u00f1ana. El agresor un joven de 18 a\u00f1os de edad.<\/p>\n\n\n\n<p>Personal policial es alertado y se dirige a un domicilio sobre calle Sgto Celada al 1800, una mujer estaba siendo agredida.<\/p>\n\n\n\n<p>Al llegar a dicho domicilio los efectivos encuentran al violento en el lugar  quien le hab\u00eda proferido amenazas de muerte, agresiones verbales a su ex y ademas constataron da\u00f1os que le provoco a la vivienda.<\/p>\n\n\n\n<p>Este mismo primeramente se resiste  a la aprehension hasta que es reducido y trasladado a la dependencia local.<\/p>\n\n\n\n<p>Interviene la Fiscalia N\u00b05 del Dr Manso y la victima fue asistida por la comisaria de la mujer.<\/p>\n\n\n\n<p><\/p>\n\n\n\n<p><\/p>\n\n\n\n<p><\/p>\n\n\n\n<p><\/p>\n\n\n\n<p><\/p>\n\n\n\n<p><\/p>\n\n\n\n<p><br><\/p>\n","protected":false},"excerpt":{"rendered":"<p>Un nuevo hecho de violencia familiar se vivi\u00f3 a primeras horas de esta ma\u00f1ana. El agresor un joven de 18 a\u00f1os de edad. Personal policial es alertado y se dirige a un domicilio sobre calle Sgto Celada al 1800, una mujer estaba siendo agredida. Al llegar a dicho domicilio los efectivos encuentran al violento en [&hellip;]<\/p>\n","protected":false},"author":4,"featured_media":30195,"comment_status":"open","ping_status":"closed","sticky":false,"template":"","format":"standard","meta":{"om_disable_all_campaigns":false,"_jetpack_memberships_contains_paid_content":false,"footnotes":""},"categories":[2,103],"tags":[],"class_list":["post-47357","post","type-post","status-publish","format-standard","has-post-thumbnail","hentry","category-locales","category-policiales-locales"],"aioseo_notices":[],"gutentor_comment":0,"jetpack_featured_media_url":"https:\/\/eldiariodesanpedro.com.ar\/sitio\/wp-content\/uploads\/2018\/03\/Aprehendido-y-ofuscado.jpg","jetpack_shortlink":"https:\/\/wp.me\/p6RhLt-cjP","jetpack_sharing_enabled":true,"_links":{"self":[{"href":"https:\/\/eldiariodesanpedro.com.ar\/sitio\/wp-json\/wp\/v2\/posts\/47357","targetHints":{"allow":["GET"]}}],"collection":[{"href":"https:\/\/eldiariodesanpedro.com.ar\/sitio\/wp-json\/wp\/v2\/posts"}],"about":[{"href":"https:\/\/eldiariodesanpedro.com.ar\/sitio\/wp-json\/wp\/v2\/types\/post"}],"author":[{"embeddable":true,"href":"https:\/\/eldiariodesanpedro.com.ar\/sitio\/wp-json\/wp\/v2\/users\/4"}],"replies":[{"embeddable":true,"href":"https:\/\/eldiariodesanpedro.com.ar\/sitio\/wp-json\/wp\/v2\/comments?post=47357"}],"version-history":[{"count":1,"href":"https:\/\/eldiariodesanpedro.com.ar\/sitio\/wp-json\/wp\/v2\/posts\/47357\/revisions"}],"predecessor-version":[{"id":47358,"href":"https:\/\/eldiariodesanpedro.com.ar\/sitio\/wp-json\/wp\/v2\/posts\/47357\/revisions\/47358"}],"wp:featuredmedia":[{"embeddable":true,"href":"https:\/\/eldiariodesanpedro.com.ar\/sitio\/wp-json\/wp\/v2\/media\/30195"}],"wp:attachment":[{"href":"https:\/\/eldiariodesanpedro.com.ar\/sitio\/wp-json\/wp\/v2\/media?parent=47357"}],"wp:term":[{"taxonomy":"category","embeddable":true,"href":"https:\/\/eldiariodesanpedro.com.ar\/sitio\/wp-json\/wp\/v2\/categories?post=47357"},{"taxonomy":"post_tag","embeddable":true,"href":"https:\/\/eldiariodesanpedro.com.ar\/sitio\/wp-json\/wp\/v2\/tags?post=47357"}],"curies":[{"name":"wp","href":"https:\/\/api.w.org\/{rel}","templated":true}]}}