{"id":47344,"date":"2019-02-11T09:06:56","date_gmt":"2019-02-11T12:06:56","guid":{"rendered":"https:\/\/eldiariodesanpedro.com.ar\/sitio\/?p=47344"},"modified":"2019-02-11T09:46:07","modified_gmt":"2019-02-11T12:46:07","slug":"accidente-fatal-dos-menores-huian-en-moto-y-fueron-embestidos-por-una-camioneta-en-la-ruta-9","status":"publish","type":"post","link":"https:\/\/eldiariodesanpedro.com.ar\/sitio\/accidente-fatal-dos-menores-huian-en-moto-y-fueron-embestidos-por-una-camioneta-en-la-ruta-9\/","title":{"rendered":"Accidente Fatal: Dos menores hu\u00edan en moto y fueron embestidos por una camioneta en la Ruta 9"},"content":{"rendered":"<!-- VideographyWP Plugin Message: Automatic video embedding prevented by plugin options. -->\n\n<p>Los j\u00f3venes de 15 y 16 a\u00f1os domiciliados en R\u00edo Tala, fallecieron en el acto. Fueron  identificados como Emanuel Hern\u00e1ndez y Pablo Fern\u00e1ndez.<\/p>\n\n\n\n<p>Sucedi\u00f3 este domingo por la madrugada, &nbsp;a la altura del KM 158 de la Ruta 9, las v\u00edctimas viajaban en una moto Honda Biz 110 acompa\u00f1ados por otro rodado en el que tambi\u00e9n viajar\u00edan dos personas, los cuales  hu\u00edan luego de haber sido, presuntamente, encontrados in fraganti en la comisi\u00f3n de un il\u00edcito en su misma localidad, escapando de una patrulla policial. <\/p>\n\n\n\n<p>Seg\u00fan se pudo constatar circulaban  por la mano incorrecta y sin luz, en sentido a Baradero. La camioneta Renault Duster azul, en la que se trasladaba un matrimonio de 41 y 39 a\u00f1os oriundo de P\u00e9rez Mill\u00e1n, no advirti\u00f3 la presencia de los rodados e impact\u00f3 de frente con uno de estos provocando el inmediato deceso de los dos menores.<\/p>\n\n\n\n<p>Por otro lado se pudo conocer versiones de familiares y amigos que los adolescentes les gustaba ir a la ciudad vecina a correr picadas y que se asustaron al ver el m\u00f3vil policial que les dio la voz de alto y emprendieron a la fuga.<\/p>\n\n\n\n<p>El pueblo esta conmocionado; entre distintas versiones tras la muerte de los j\u00f3venes talenses , el cuerpo de Emanuel Hernandez fue velado en la salita de Coopser y el de Pablo Fernandez fue derivado a la localidad de donde es oriundo.<\/p>\n\n\n\n<p>Fuentes oficiales confirmaron que la moto siniestrada ten\u00eda pedido de secuestro activo por haber sido robada el 11 de diciembre pasado en la vecina ciudad de Baradero.<\/p>\n\n\n\n<p>La mujer que viajaba como acompa\u00f1ante en la camioneta result\u00f3 lesionada en el rostro.<\/p>\n\n\n\n<p>La causa fue caratulada como Homicidio Culposo y es instruida por el Fiscal Marcelo Manso de la fiscalia N|5.<\/p>\n\n\n\n<figure class=\"wp-block-image\"><img decoding=\"async\" width=\"1024\" height=\"768\" data-attachment-id=\"47346\" data-permalink=\"https:\/\/eldiariodesanpedro.com.ar\/sitio\/accidente-fatal-dos-menores-huian-en-moto-y-fueron-embestidos-por-una-camioneta-en-la-ruta-9\/000075420-2\/\" data-orig-file=\"https:\/\/eldiariodesanpedro.com.ar\/sitio\/wp-content\/uploads\/2019\/02\/000075420-1.jpg\" data-orig-size=\"1024,768\" data-comments-opened=\"1\" data-image-meta=\"{&quot;aperture&quot;:&quot;0&quot;,&quot;credit&quot;:&quot;&quot;,&quot;camera&quot;:&quot;&quot;,&quot;caption&quot;:&quot;&quot;,&quot;created_timestamp&quot;:&quot;0&quot;,&quot;copyright&quot;:&quot;&quot;,&quot;focal_length&quot;:&quot;0&quot;,&quot;iso&quot;:&quot;0&quot;,&quot;shutter_speed&quot;:&quot;0&quot;,&quot;title&quot;:&quot;&quot;,&quot;orientation&quot;:&quot;0&quot;}\" data-image-title=\"000075420\" data-image-description=\"\" data-image-caption=\"\" data-large-file=\"https:\/\/eldiariodesanpedro.com.ar\/sitio\/wp-content\/uploads\/2019\/02\/000075420-1-1024x768.jpg\" data-src=\"https:\/\/i2.wp.com\/eldiariodesanpedro.com.ar\/sitio\/wp-content\/uploads\/2019\/02\/000075420-1.jpg?fit=660%2C495\" alt=\"\" class=\"wp-image-47346 lazyload\" data-srcset=\"https:\/\/eldiariodesanpedro.com.ar\/sitio\/wp-content\/uploads\/2019\/02\/000075420-1.jpg 1024w, https:\/\/eldiariodesanpedro.com.ar\/sitio\/wp-content\/uploads\/2019\/02\/000075420-1-300x225.jpg 300w, https:\/\/eldiariodesanpedro.com.ar\/sitio\/wp-content\/uploads\/2019\/02\/000075420-1-768x576.jpg 768w\" data-sizes=\"(max-width: 1024px) 100vw, 1024px\" src=\"data:image\/svg+xml;base64,PHN2ZyB3aWR0aD0iMSIgaGVpZ2h0PSIxIiB4bWxucz0iaHR0cDovL3d3dy53My5vcmcvMjAwMC9zdmciPjwvc3ZnPg==\" style=\"--smush-placeholder-width: 1024px; --smush-placeholder-aspect-ratio: 1024\/768;\" \/><figcaption>Foto San Pedro Informa<\/figcaption><\/figure>\n","protected":false},"excerpt":{"rendered":"<p>Los j\u00f3venes de 15 y 16 a\u00f1os domiciliados en R\u00edo Tala, fallecieron en el acto. Fueron identificados como Emanuel Hern\u00e1ndez y Pablo Fern\u00e1ndez. Sucedi\u00f3 este domingo por la madrugada, &nbsp;a la altura del KM 158 de la Ruta 9, las v\u00edctimas viajaban en una moto Honda Biz 110 acompa\u00f1ados por otro rodado en el que [&hellip;]<\/p>\n","protected":false},"author":4,"featured_media":47345,"comment_status":"open","ping_status":"closed","sticky":false,"template":"","format":"standard","meta":{"om_disable_all_campaigns":false,"_jetpack_memberships_contains_paid_content":false,"footnotes":""},"categories":[50,2,103],"tags":[],"class_list":["post-47344","post","type-post","status-publish","format-standard","has-post-thumbnail","hentry","category-destacadas","category-locales","category-policiales-locales"],"aioseo_notices":[],"gutentor_comment":0,"jetpack_featured_media_url":"https:\/\/eldiariodesanpedro.com.ar\/sitio\/wp-content\/uploads\/2019\/02\/000075420.jpg","jetpack_shortlink":"https:\/\/wp.me\/p6RhLt-cjC","jetpack_sharing_enabled":true,"_links":{"self":[{"href":"https:\/\/eldiariodesanpedro.com.ar\/sitio\/wp-json\/wp\/v2\/posts\/47344","targetHints":{"allow":["GET"]}}],"collection":[{"href":"https:\/\/eldiariodesanpedro.com.ar\/sitio\/wp-json\/wp\/v2\/posts"}],"about":[{"href":"https:\/\/eldiariodesanpedro.com.ar\/sitio\/wp-json\/wp\/v2\/types\/post"}],"author":[{"embeddable":true,"href":"https:\/\/eldiariodesanpedro.com.ar\/sitio\/wp-json\/wp\/v2\/users\/4"}],"replies":[{"embeddable":true,"href":"https:\/\/eldiariodesanpedro.com.ar\/sitio\/wp-json\/wp\/v2\/comments?post=47344"}],"version-history":[{"count":2,"href":"https:\/\/eldiariodesanpedro.com.ar\/sitio\/wp-json\/wp\/v2\/posts\/47344\/revisions"}],"predecessor-version":[{"id":47356,"href":"https:\/\/eldiariodesanpedro.com.ar\/sitio\/wp-json\/wp\/v2\/posts\/47344\/revisions\/47356"}],"wp:featuredmedia":[{"embeddable":true,"href":"https:\/\/eldiariodesanpedro.com.ar\/sitio\/wp-json\/wp\/v2\/media\/47345"}],"wp:attachment":[{"href":"https:\/\/eldiariodesanpedro.com.ar\/sitio\/wp-json\/wp\/v2\/media?parent=47344"}],"wp:term":[{"taxonomy":"category","embeddable":true,"href":"https:\/\/eldiariodesanpedro.com.ar\/sitio\/wp-json\/wp\/v2\/categories?post=47344"},{"taxonomy":"post_tag","embeddable":true,"href":"https:\/\/eldiariodesanpedro.com.ar\/sitio\/wp-json\/wp\/v2\/tags?post=47344"}],"curies":[{"name":"wp","href":"https:\/\/api.w.org\/{rel}","templated":true}]}}