{"id":47339,"date":"2019-02-10T19:18:58","date_gmt":"2019-02-10T22:18:58","guid":{"rendered":"https:\/\/eldiariodesanpedro.com.ar\/sitio\/?p=47339"},"modified":"2019-02-10T19:19:07","modified_gmt":"2019-02-10T22:19:07","slug":"campana-milagro-en-panamericana","status":"publish","type":"post","link":"https:\/\/eldiariodesanpedro.com.ar\/sitio\/campana-milagro-en-panamericana\/","title":{"rendered":"CAMPANA: Milagro en Panamericana"},"content":{"rendered":"<!-- VideographyWP Plugin Message: Automatic video embedding prevented by plugin options. -->\n\n<p>Fue alrededor de las 9.15 hs, de este domingo, en el km 78 de Panamericana,mano a Rosario, frente a la empresa Tecmaco. Dos motociclistas que iban a pescar fueron embestidos por un autom\u00f3vil Chrysler.<\/p>\n\n\n\n<figure class=\"wp-block-image\"><img decoding=\"async\" data-src=\"http:\/\/www.enlacecritico.com\/wp-content\/uploads\/2019\/02\/DSC_5301_658x400.jpg\" alt=\"\" class=\"wp-image-271951 lazyload\" src=\"data:image\/svg+xml;base64,PHN2ZyB3aWR0aD0iMSIgaGVpZ2h0PSIxIiB4bWxucz0iaHR0cDovL3d3dy53My5vcmcvMjAwMC9zdmciPjwvc3ZnPg==\" \/><\/figure>\n\n\n\n<p>El hecho ocurri\u00f3 sobre el puente del Arroyo de La Cruz,donde un adulto y un ni\u00f1o fueron despedidos del veh\u00edculo menor, que qued\u00f3 literalmente incrustado en las barandillas guardarrail del puente.<\/p>\n\n\n\n<p>Se hizo presente en el lugar personal de autopistas 5 Vial y Comando de Patrulla. La ambulancia del SAME traslad\u00f3 a los heridos, el menor podr\u00eda tener una fractura en uno de sus miembros inferiores.<\/p>\n\n\n\n<p>Seg\u00fan relato el automovilista&nbsp;<em>\u201cmire el espejo retrovisor y cuando volv\u00ed la vista al frente los ten\u00eda encima y ya no pude hacer nada\u201d<\/em>.<\/p>\n\n\n\n<figure class=\"wp-block-image\"><img decoding=\"async\" data-src=\"http:\/\/www.enlacecritico.com\/wp-content\/uploads\/2019\/02\/DSC_5313_658x400.jpg\" alt=\"\" class=\"wp-image-271952 lazyload\" src=\"data:image\/svg+xml;base64,PHN2ZyB3aWR0aD0iMSIgaGVpZ2h0PSIxIiB4bWxucz0iaHR0cDovL3d3dy53My5vcmcvMjAwMC9zdmciPjwvc3ZnPg==\" \/><\/figure>\n\n\n\n<p>Luego detall\u00f3 que<em>&nbsp;\u201cquise llamar a la ambulancia y se no tenia carga en el tel\u00e9fono. Quise ir caminando hasta San Cayetano para llamar de la casa de un amigo, pero este hombre, otro automovilista, me detuvo porque pensaba que yo me quer\u00eda fugar. Eso es imposible porque mi auto qued\u00f3 inutilizado enseguida iban a saber quien soy\u201d.&nbsp;<\/em><\/p>\n\n\n\n<p>Este hecho se suma a una cantidad alarmante de accidentes graves que est\u00e1n sucediendo en la autov\u00edas. Hubo al menos dos motociclistas muertos en lo que va del mes. Todos en menos de 72 horas.<\/p>\n\n\n\n<figure class=\"wp-block-image\"><img decoding=\"async\" data-src=\"http:\/\/www.enlacecritico.com\/wp-content\/uploads\/2019\/02\/DSC_5308_658x400.jpg\" alt=\"\" class=\"wp-image-271953 lazyload\" src=\"data:image\/svg+xml;base64,PHN2ZyB3aWR0aD0iMSIgaGVpZ2h0PSIxIiB4bWxucz0iaHR0cDovL3d3dy53My5vcmcvMjAwMC9zdmciPjwvc3ZnPg==\" \/><\/figure>\n\n\n\n<p>FUENTE:&nbsp;<em><strong>Campana Argentina<\/strong><\/em><\/p>\n","protected":false},"excerpt":{"rendered":"<p>Fue alrededor de las 9.15 hs, de este domingo, en el km 78 de Panamericana,mano a Rosario, frente a la empresa Tecmaco. Dos motociclistas que iban a pescar fueron embestidos por un autom\u00f3vil Chrysler. El hecho ocurri\u00f3 sobre el puente del Arroyo de La Cruz,donde un adulto y un ni\u00f1o fueron despedidos del veh\u00edculo menor, [&hellip;]<\/p>\n","protected":false},"author":4,"featured_media":47340,"comment_status":"open","ping_status":"closed","sticky":false,"template":"","format":"standard","meta":{"om_disable_all_campaigns":false,"_jetpack_memberships_contains_paid_content":false,"footnotes":""},"categories":[621],"tags":[],"class_list":["post-47339","post","type-post","status-publish","format-standard","has-post-thumbnail","hentry","category-regionales"],"aioseo_notices":[],"gutentor_comment":0,"jetpack_featured_media_url":"https:\/\/eldiariodesanpedro.com.ar\/sitio\/wp-content\/uploads\/2019\/02\/DSC_5301_658x400.jpg","jetpack_shortlink":"https:\/\/wp.me\/p6RhLt-cjx","jetpack_sharing_enabled":true,"_links":{"self":[{"href":"https:\/\/eldiariodesanpedro.com.ar\/sitio\/wp-json\/wp\/v2\/posts\/47339","targetHints":{"allow":["GET"]}}],"collection":[{"href":"https:\/\/eldiariodesanpedro.com.ar\/sitio\/wp-json\/wp\/v2\/posts"}],"about":[{"href":"https:\/\/eldiariodesanpedro.com.ar\/sitio\/wp-json\/wp\/v2\/types\/post"}],"author":[{"embeddable":true,"href":"https:\/\/eldiariodesanpedro.com.ar\/sitio\/wp-json\/wp\/v2\/users\/4"}],"replies":[{"embeddable":true,"href":"https:\/\/eldiariodesanpedro.com.ar\/sitio\/wp-json\/wp\/v2\/comments?post=47339"}],"version-history":[{"count":1,"href":"https:\/\/eldiariodesanpedro.com.ar\/sitio\/wp-json\/wp\/v2\/posts\/47339\/revisions"}],"predecessor-version":[{"id":47341,"href":"https:\/\/eldiariodesanpedro.com.ar\/sitio\/wp-json\/wp\/v2\/posts\/47339\/revisions\/47341"}],"wp:featuredmedia":[{"embeddable":true,"href":"https:\/\/eldiariodesanpedro.com.ar\/sitio\/wp-json\/wp\/v2\/media\/47340"}],"wp:attachment":[{"href":"https:\/\/eldiariodesanpedro.com.ar\/sitio\/wp-json\/wp\/v2\/media?parent=47339"}],"wp:term":[{"taxonomy":"category","embeddable":true,"href":"https:\/\/eldiariodesanpedro.com.ar\/sitio\/wp-json\/wp\/v2\/categories?post=47339"},{"taxonomy":"post_tag","embeddable":true,"href":"https:\/\/eldiariodesanpedro.com.ar\/sitio\/wp-json\/wp\/v2\/tags?post=47339"}],"curies":[{"name":"wp","href":"https:\/\/api.w.org\/{rel}","templated":true}]}}