{"id":47337,"date":"2019-02-09T12:24:20","date_gmt":"2019-02-09T15:24:20","guid":{"rendered":"https:\/\/eldiariodesanpedro.com.ar\/sitio\/?p=47337"},"modified":"2019-02-09T12:24:26","modified_gmt":"2019-02-09T15:24:26","slug":"robo-una-motocicleta-y-fue-recuperada-en-plena-fuga","status":"publish","type":"post","link":"https:\/\/eldiariodesanpedro.com.ar\/sitio\/robo-una-motocicleta-y-fue-recuperada-en-plena-fuga\/","title":{"rendered":"Robo una motocicleta y fue recuperada en plena fuga"},"content":{"rendered":"<!-- VideographyWP Plugin Message: Automatic video embedding prevented by plugin options. -->\n\n<p>El hecho ocurri\u00f3 por  la tarde noche de este viernes, cuando el personal policial es alertado y  ante r\u00e1pido proceder, intenta interceptar a un delincuente que se movilizaba en una motocicleta sobre calle Ruffa al 1600, \u00a0quien emprende fuga dejando abandonado el rodado.<\/p>\n\n\n\n<p>Tras tareas investigativas se estableci\u00f3 de manera inmediata que el rodado hab\u00eda sido sustra\u00eddo de un domicilio de calle Yrigoyen  al 50, propiedad de un ciudadano de 50 a\u00f1os de edad.<\/p>\n\n\n\n<p> Interviene la fiscalia en turno de san pedro.-<\/p>\n\n\n\n<p>Se procura la detenci\u00f3n del autor material que se fugo del lugar.<br><\/p>\n","protected":false},"excerpt":{"rendered":"<p>El hecho ocurri\u00f3 por la tarde noche de este viernes, cuando el personal policial es alertado y ante r\u00e1pido proceder, intenta interceptar a un delincuente que se movilizaba en una motocicleta sobre calle Ruffa al 1600, \u00a0quien emprende fuga dejando abandonado el rodado. Tras tareas investigativas se estableci\u00f3 de manera inmediata que el rodado hab\u00eda [&hellip;]<\/p>\n","protected":false},"author":4,"featured_media":26677,"comment_status":"open","ping_status":"closed","sticky":false,"template":"","format":"standard","meta":{"om_disable_all_campaigns":false,"_jetpack_memberships_contains_paid_content":false,"footnotes":""},"categories":[2,103],"tags":[],"class_list":["post-47337","post","type-post","status-publish","format-standard","has-post-thumbnail","hentry","category-locales","category-policiales-locales"],"aioseo_notices":[],"gutentor_comment":0,"jetpack_featured_media_url":"https:\/\/eldiariodesanpedro.com.ar\/sitio\/wp-content\/uploads\/2017\/12\/patrullas-policia-noche.jpg","jetpack_shortlink":"https:\/\/wp.me\/p6RhLt-cjv","jetpack_sharing_enabled":true,"_links":{"self":[{"href":"https:\/\/eldiariodesanpedro.com.ar\/sitio\/wp-json\/wp\/v2\/posts\/47337","targetHints":{"allow":["GET"]}}],"collection":[{"href":"https:\/\/eldiariodesanpedro.com.ar\/sitio\/wp-json\/wp\/v2\/posts"}],"about":[{"href":"https:\/\/eldiariodesanpedro.com.ar\/sitio\/wp-json\/wp\/v2\/types\/post"}],"author":[{"embeddable":true,"href":"https:\/\/eldiariodesanpedro.com.ar\/sitio\/wp-json\/wp\/v2\/users\/4"}],"replies":[{"embeddable":true,"href":"https:\/\/eldiariodesanpedro.com.ar\/sitio\/wp-json\/wp\/v2\/comments?post=47337"}],"version-history":[{"count":1,"href":"https:\/\/eldiariodesanpedro.com.ar\/sitio\/wp-json\/wp\/v2\/posts\/47337\/revisions"}],"predecessor-version":[{"id":47338,"href":"https:\/\/eldiariodesanpedro.com.ar\/sitio\/wp-json\/wp\/v2\/posts\/47337\/revisions\/47338"}],"wp:featuredmedia":[{"embeddable":true,"href":"https:\/\/eldiariodesanpedro.com.ar\/sitio\/wp-json\/wp\/v2\/media\/26677"}],"wp:attachment":[{"href":"https:\/\/eldiariodesanpedro.com.ar\/sitio\/wp-json\/wp\/v2\/media?parent=47337"}],"wp:term":[{"taxonomy":"category","embeddable":true,"href":"https:\/\/eldiariodesanpedro.com.ar\/sitio\/wp-json\/wp\/v2\/categories?post=47337"},{"taxonomy":"post_tag","embeddable":true,"href":"https:\/\/eldiariodesanpedro.com.ar\/sitio\/wp-json\/wp\/v2\/tags?post=47337"}],"curies":[{"name":"wp","href":"https:\/\/api.w.org\/{rel}","templated":true}]}}