{"id":47334,"date":"2019-02-09T12:15:59","date_gmt":"2019-02-09T15:15:59","guid":{"rendered":"https:\/\/eldiariodesanpedro.com.ar\/sitio\/?p=47334"},"modified":"2019-02-09T12:16:10","modified_gmt":"2019-02-09T15:16:10","slug":"detuvieron-a-dos-peligrosos-delincuentes-armados-que-se-encontraban-a-caballo","status":"publish","type":"post","link":"https:\/\/eldiariodesanpedro.com.ar\/sitio\/detuvieron-a-dos-peligrosos-delincuentes-armados-que-se-encontraban-a-caballo\/","title":{"rendered":"Detuvieron a dos peligrosos delincuentes armados que se encontraban a caballo"},"content":{"rendered":"<!-- VideographyWP Plugin Message: Automatic video embedding prevented by plugin options. -->\n\n<p>En los \u00faltimos minutos de este viernes por la noche , personal policial de la comisaria, tras r\u00e1pido proceder\u00a0\u00a0y habiendo realizado operativo cerrojo, en avenida 11 Septiembre y Bozzano, procedieron a la aprehension de dos peligrosos delincuentes.<\/p>\n\n\n\n<p>Tienen 19 y 20 a\u00f1os de edad,  con frondosos antecedentes, quienes se fugaban a caballo luego de amedrentar a dos mujeres y sustraerles la mochila.<\/p>\n\n\n\n<p>Los efectivos le secuestraron en su poder una pistola cal. 22 cargada con cartucho lista para el disparo y una cuchilla de gran tama\u00f1o, que utilizaron para asaltar a las dos j\u00f3venes de 17 y 19,\u00a0\u00a0sobre calle Lucio Mansilla al 700,  mientras caminaban.<\/p>\n\n\n\n<p>Tras rastrillaje por la zona de fuga, se secuestraron parte de las pertenencias sustra\u00eddas, que los malvivientes se fueron descartando, acorralados por la polic\u00eda.<\/p>\n\n\n\n<p>Las j\u00f3venes resultaron ilesas, los peligrosos delicuentes permanecen alojados en sede policial a disposici\u00f3n de la fiscal\u00eda en turno de san pedro. <\/p>\n\n\n\n<p>El caballo permanece en deposito municipal por cuestiones de espacio, trat\u00e1ndose de establecer su procedencia.<br><\/p>\n","protected":false},"excerpt":{"rendered":"<p>En los \u00faltimos minutos de este viernes por la noche , personal policial de la comisaria, tras r\u00e1pido proceder\u00a0\u00a0y habiendo realizado operativo cerrojo, en avenida 11 Septiembre y Bozzano, procedieron a la aprehension de dos peligrosos delincuentes. Tienen 19 y 20 a\u00f1os de edad, con frondosos antecedentes, quienes se fugaban a caballo luego de amedrentar [&hellip;]<\/p>\n","protected":false},"author":4,"featured_media":47335,"comment_status":"open","ping_status":"closed","sticky":false,"template":"","format":"standard","meta":{"om_disable_all_campaigns":false,"_jetpack_memberships_contains_paid_content":false,"footnotes":""},"categories":[50,2,103],"tags":[],"class_list":["post-47334","post","type-post","status-publish","format-standard","has-post-thumbnail","hentry","category-destacadas","category-locales","category-policiales-locales"],"aioseo_notices":[],"gutentor_comment":0,"jetpack_featured_media_url":"https:\/\/eldiariodesanpedro.com.ar\/sitio\/wp-content\/uploads\/2019\/02\/5c2503c4d0bce.jpeg","jetpack_shortlink":"https:\/\/wp.me\/p6RhLt-cjs","jetpack_sharing_enabled":true,"_links":{"self":[{"href":"https:\/\/eldiariodesanpedro.com.ar\/sitio\/wp-json\/wp\/v2\/posts\/47334","targetHints":{"allow":["GET"]}}],"collection":[{"href":"https:\/\/eldiariodesanpedro.com.ar\/sitio\/wp-json\/wp\/v2\/posts"}],"about":[{"href":"https:\/\/eldiariodesanpedro.com.ar\/sitio\/wp-json\/wp\/v2\/types\/post"}],"author":[{"embeddable":true,"href":"https:\/\/eldiariodesanpedro.com.ar\/sitio\/wp-json\/wp\/v2\/users\/4"}],"replies":[{"embeddable":true,"href":"https:\/\/eldiariodesanpedro.com.ar\/sitio\/wp-json\/wp\/v2\/comments?post=47334"}],"version-history":[{"count":1,"href":"https:\/\/eldiariodesanpedro.com.ar\/sitio\/wp-json\/wp\/v2\/posts\/47334\/revisions"}],"predecessor-version":[{"id":47336,"href":"https:\/\/eldiariodesanpedro.com.ar\/sitio\/wp-json\/wp\/v2\/posts\/47334\/revisions\/47336"}],"wp:featuredmedia":[{"embeddable":true,"href":"https:\/\/eldiariodesanpedro.com.ar\/sitio\/wp-json\/wp\/v2\/media\/47335"}],"wp:attachment":[{"href":"https:\/\/eldiariodesanpedro.com.ar\/sitio\/wp-json\/wp\/v2\/media?parent=47334"}],"wp:term":[{"taxonomy":"category","embeddable":true,"href":"https:\/\/eldiariodesanpedro.com.ar\/sitio\/wp-json\/wp\/v2\/categories?post=47334"},{"taxonomy":"post_tag","embeddable":true,"href":"https:\/\/eldiariodesanpedro.com.ar\/sitio\/wp-json\/wp\/v2\/tags?post=47334"}],"curies":[{"name":"wp","href":"https:\/\/api.w.org\/{rel}","templated":true}]}}