{"id":47332,"date":"2019-02-09T11:56:32","date_gmt":"2019-02-09T14:56:32","guid":{"rendered":"https:\/\/eldiariodesanpedro.com.ar\/sitio\/?p=47332"},"modified":"2019-02-09T11:56:39","modified_gmt":"2019-02-09T14:56:39","slug":"un-delincuente-de-la-matanza-le-robo-a-un-vendedor-ambulante","status":"publish","type":"post","link":"https:\/\/eldiariodesanpedro.com.ar\/sitio\/un-delincuente-de-la-matanza-le-robo-a-un-vendedor-ambulante\/","title":{"rendered":"Un delincuente de la Matanza le robo a un vendedor ambulante"},"content":{"rendered":"<!-- VideographyWP Plugin Message: Automatic video embedding prevented by plugin options. -->\n\n<p>El delincuente fue aprehendido con la mercader\u00eda en su poder. Permanece alojado en la comisaria local.<\/p>\n\n\n\n<p>El hecho ocurri\u00f3 esta madrugada cuando un vendedor ambulante se encontraba hospedando en una Hoster\u00eda sita en calle Mitre y Balcarse, cuando es sorprendido por un sujeto que le sustrae un bolso con medias, bolsas de consorcio y cubeteras.<\/p>\n\n\n\n<p>Tras r\u00e1pido accionar del personal policial, logra la aprehensi\u00f3n del delincuente en intersecci\u00f3n de las calles Oliveira Cesar y Gomendio.<\/p>\n\n\n\n<p>El malviviente resulto ser compa\u00f1ero de la victima, oriundo de la Matanza de 25 a\u00f1os de edad. Por el momento quedo alojado en la comisaria local a la espera de la fiscalia en turno.<\/p>\n\n\n\n<p><br><\/p>\n","protected":false},"excerpt":{"rendered":"<p>El delincuente fue aprehendido con la mercader\u00eda en su poder. Permanece alojado en la comisaria local. El hecho ocurri\u00f3 esta madrugada cuando un vendedor ambulante se encontraba hospedando en una Hoster\u00eda sita en calle Mitre y Balcarse, cuando es sorprendido por un sujeto que le sustrae un bolso con medias, bolsas de consorcio y cubeteras. [&hellip;]<\/p>\n","protected":false},"author":4,"featured_media":30195,"comment_status":"open","ping_status":"closed","sticky":false,"template":"","format":"standard","meta":{"om_disable_all_campaigns":false,"_jetpack_memberships_contains_paid_content":false,"footnotes":""},"categories":[2,103],"tags":[],"class_list":["post-47332","post","type-post","status-publish","format-standard","has-post-thumbnail","hentry","category-locales","category-policiales-locales"],"aioseo_notices":[],"gutentor_comment":0,"jetpack_featured_media_url":"https:\/\/eldiariodesanpedro.com.ar\/sitio\/wp-content\/uploads\/2018\/03\/Aprehendido-y-ofuscado.jpg","jetpack_shortlink":"https:\/\/wp.me\/p6RhLt-cjq","jetpack_sharing_enabled":true,"_links":{"self":[{"href":"https:\/\/eldiariodesanpedro.com.ar\/sitio\/wp-json\/wp\/v2\/posts\/47332","targetHints":{"allow":["GET"]}}],"collection":[{"href":"https:\/\/eldiariodesanpedro.com.ar\/sitio\/wp-json\/wp\/v2\/posts"}],"about":[{"href":"https:\/\/eldiariodesanpedro.com.ar\/sitio\/wp-json\/wp\/v2\/types\/post"}],"author":[{"embeddable":true,"href":"https:\/\/eldiariodesanpedro.com.ar\/sitio\/wp-json\/wp\/v2\/users\/4"}],"replies":[{"embeddable":true,"href":"https:\/\/eldiariodesanpedro.com.ar\/sitio\/wp-json\/wp\/v2\/comments?post=47332"}],"version-history":[{"count":1,"href":"https:\/\/eldiariodesanpedro.com.ar\/sitio\/wp-json\/wp\/v2\/posts\/47332\/revisions"}],"predecessor-version":[{"id":47333,"href":"https:\/\/eldiariodesanpedro.com.ar\/sitio\/wp-json\/wp\/v2\/posts\/47332\/revisions\/47333"}],"wp:featuredmedia":[{"embeddable":true,"href":"https:\/\/eldiariodesanpedro.com.ar\/sitio\/wp-json\/wp\/v2\/media\/30195"}],"wp:attachment":[{"href":"https:\/\/eldiariodesanpedro.com.ar\/sitio\/wp-json\/wp\/v2\/media?parent=47332"}],"wp:term":[{"taxonomy":"category","embeddable":true,"href":"https:\/\/eldiariodesanpedro.com.ar\/sitio\/wp-json\/wp\/v2\/categories?post=47332"},{"taxonomy":"post_tag","embeddable":true,"href":"https:\/\/eldiariodesanpedro.com.ar\/sitio\/wp-json\/wp\/v2\/tags?post=47332"}],"curies":[{"name":"wp","href":"https:\/\/api.w.org\/{rel}","templated":true}]}}