{"id":47328,"date":"2019-02-09T11:43:19","date_gmt":"2019-02-09T14:43:19","guid":{"rendered":"https:\/\/eldiariodesanpedro.com.ar\/sitio\/?p=47328"},"modified":"2019-02-09T11:43:25","modified_gmt":"2019-02-09T14:43:25","slug":"una-adolescente-fue-golpeada-por-otra-al-salir-de-su-casa","status":"publish","type":"post","link":"https:\/\/eldiariodesanpedro.com.ar\/sitio\/una-adolescente-fue-golpeada-por-otra-al-salir-de-su-casa\/","title":{"rendered":"Una adolescente fue golpeada por otra al salir de su casa."},"content":{"rendered":"<!-- VideographyWP Plugin Message: Automatic video embedding prevented by plugin options. -->\n\n<p>La denuncia la radico su mama de 32 a\u00f1os de edad, en la dependencia local, cuando al salir su hija de 14, otra la sorprende agredi\u00e9ndola brutalmente.<\/p>\n\n\n\n<p>La agresi\u00f3n ocurri\u00f3 sobre la vereda de su propio domicilio, sito en calle Sgto Celada al 1800, la adolescente egreso de su casa para ser increpada por otra, quien fue identificada por la victima, golpe\u00e1ndola y desestabilizandola hasta caer,  para luego seguir golpe\u00e1ndola con golpes de pu\u00f1o.<\/p>\n\n\n\n<p>Interviene la Fiscalia N\u00ba5 del Dr Manso.<\/p>\n\n\n\n<p><br><\/p>\n","protected":false},"excerpt":{"rendered":"<p>La denuncia la radico su mama de 32 a\u00f1os de edad, en la dependencia local, cuando al salir su hija de 14, otra la sorprende agredi\u00e9ndola brutalmente. La agresi\u00f3n ocurri\u00f3 sobre la vereda de su propio domicilio, sito en calle Sgto Celada al 1800, la adolescente egreso de su casa para ser increpada por otra, [&hellip;]<\/p>\n","protected":false},"author":4,"featured_media":39230,"comment_status":"open","ping_status":"closed","sticky":false,"template":"","format":"standard","meta":{"om_disable_all_campaigns":false,"_jetpack_memberships_contains_paid_content":false,"footnotes":""},"categories":[2,103],"tags":[],"class_list":["post-47328","post","type-post","status-publish","format-standard","has-post-thumbnail","hentry","category-locales","category-policiales-locales"],"aioseo_notices":[],"gutentor_comment":0,"jetpack_featured_media_url":"https:\/\/eldiariodesanpedro.com.ar\/sitio\/wp-content\/uploads\/2018\/08\/patrullero-policia_3.jpg","jetpack_shortlink":"https:\/\/wp.me\/p6RhLt-cjm","jetpack_sharing_enabled":true,"_links":{"self":[{"href":"https:\/\/eldiariodesanpedro.com.ar\/sitio\/wp-json\/wp\/v2\/posts\/47328","targetHints":{"allow":["GET"]}}],"collection":[{"href":"https:\/\/eldiariodesanpedro.com.ar\/sitio\/wp-json\/wp\/v2\/posts"}],"about":[{"href":"https:\/\/eldiariodesanpedro.com.ar\/sitio\/wp-json\/wp\/v2\/types\/post"}],"author":[{"embeddable":true,"href":"https:\/\/eldiariodesanpedro.com.ar\/sitio\/wp-json\/wp\/v2\/users\/4"}],"replies":[{"embeddable":true,"href":"https:\/\/eldiariodesanpedro.com.ar\/sitio\/wp-json\/wp\/v2\/comments?post=47328"}],"version-history":[{"count":1,"href":"https:\/\/eldiariodesanpedro.com.ar\/sitio\/wp-json\/wp\/v2\/posts\/47328\/revisions"}],"predecessor-version":[{"id":47329,"href":"https:\/\/eldiariodesanpedro.com.ar\/sitio\/wp-json\/wp\/v2\/posts\/47328\/revisions\/47329"}],"wp:featuredmedia":[{"embeddable":true,"href":"https:\/\/eldiariodesanpedro.com.ar\/sitio\/wp-json\/wp\/v2\/media\/39230"}],"wp:attachment":[{"href":"https:\/\/eldiariodesanpedro.com.ar\/sitio\/wp-json\/wp\/v2\/media?parent=47328"}],"wp:term":[{"taxonomy":"category","embeddable":true,"href":"https:\/\/eldiariodesanpedro.com.ar\/sitio\/wp-json\/wp\/v2\/categories?post=47328"},{"taxonomy":"post_tag","embeddable":true,"href":"https:\/\/eldiariodesanpedro.com.ar\/sitio\/wp-json\/wp\/v2\/tags?post=47328"}],"curies":[{"name":"wp","href":"https:\/\/api.w.org\/{rel}","templated":true}]}}