{"id":47324,"date":"2019-02-09T11:31:54","date_gmt":"2019-02-09T14:31:54","guid":{"rendered":"https:\/\/eldiariodesanpedro.com.ar\/sitio\/?p=47324"},"modified":"2019-02-09T11:32:57","modified_gmt":"2019-02-09T14:32:57","slug":"operativo-oftalmologico-comunitario-ahora-en-el-viejo-astillero","status":"publish","type":"post","link":"https:\/\/eldiariodesanpedro.com.ar\/sitio\/operativo-oftalmologico-comunitario-ahora-en-el-viejo-astillero\/","title":{"rendered":"Operativo Oftalmol\u00f3gico Comunitario: Ahora en el Viejo Astillero"},"content":{"rendered":"<!-- VideographyWP Plugin Message: Automatic video embedding prevented by plugin options. -->\n\n<p>En estos momentos se encuentra realizando con \u00e9xito el segundo d\u00eda de operativo para que puedas tener acceso a tus anteojos,  a precios econ\u00f3micos.<\/p>\n\n\n\n<p>Frente a la d\u00e1rsena del puerto fue el primer d\u00eda de atenci\u00f3n al publico donde se acondiciono la casa de un pescador quien la presto para colaborar.<\/p>\n\n\n\n<p>Dialogamos con Juancho Correa,  referente del Movimiento de Dignidad Izquierda Popular, uno de los encargados a realizarse esta actividad,  quien nos contaba \u00abla gente solo tiene que venir atenderse, aqu\u00ed est\u00e1n los profesionales, es por orden de llegada, le hacen los estudios y luego las recetas para los anteojos si lo necesitan o no, no es gratuito, si a bajo costo, trabajamos con la fundaci\u00f3n Planeta Vida, del Chaco, los oftalmologos son los que quedaron desocupados del trencito sanitario y siguen haciendo su trabajo ac\u00e1\u00bb.<\/p>\n\n\n\n<p>Hoy de 9 a 12 horas  se encuentran en el Viejo  Astillero (barrio Las Canaletas) y de 14 a 17 horas en la localidad vecina de Rio Tala.<\/p>\n\n\n\n<figure class=\"wp-block-image\"><img decoding=\"async\" width=\"960\" height=\"948\" data-attachment-id=\"47325\" data-permalink=\"https:\/\/eldiariodesanpedro.com.ar\/sitio\/operativo-oftalmologico-comunitario-ahora-en-el-viejo-astillero\/51880989_2339704836270274_6490660221025779712_n\/\" data-orig-file=\"https:\/\/eldiariodesanpedro.com.ar\/sitio\/wp-content\/uploads\/2019\/02\/51880989_2339704836270274_6490660221025779712_n.jpg\" data-orig-size=\"960,948\" data-comments-opened=\"1\" data-image-meta=\"{&quot;aperture&quot;:&quot;0&quot;,&quot;credit&quot;:&quot;&quot;,&quot;camera&quot;:&quot;&quot;,&quot;caption&quot;:&quot;&quot;,&quot;created_timestamp&quot;:&quot;0&quot;,&quot;copyright&quot;:&quot;&quot;,&quot;focal_length&quot;:&quot;0&quot;,&quot;iso&quot;:&quot;0&quot;,&quot;shutter_speed&quot;:&quot;0&quot;,&quot;title&quot;:&quot;&quot;,&quot;orientation&quot;:&quot;0&quot;}\" data-image-title=\"51880989_2339704836270274_6490660221025779712_n\" data-image-description=\"\" data-image-caption=\"\" data-large-file=\"https:\/\/eldiariodesanpedro.com.ar\/sitio\/wp-content\/uploads\/2019\/02\/51880989_2339704836270274_6490660221025779712_n.jpg\" data-src=\"https:\/\/eldiariodesanpedro.com.ar\/sitio\/wp-content\/uploads\/2019\/02\/51880989_2339704836270274_6490660221025779712_n.jpg\" alt=\"\" class=\"wp-image-47325 lazyload\" data-srcset=\"https:\/\/eldiariodesanpedro.com.ar\/sitio\/wp-content\/uploads\/2019\/02\/51880989_2339704836270274_6490660221025779712_n.jpg 960w, https:\/\/eldiariodesanpedro.com.ar\/sitio\/wp-content\/uploads\/2019\/02\/51880989_2339704836270274_6490660221025779712_n-300x296.jpg 300w, https:\/\/eldiariodesanpedro.com.ar\/sitio\/wp-content\/uploads\/2019\/02\/51880989_2339704836270274_6490660221025779712_n-768x758.jpg 768w\" data-sizes=\"(max-width: 960px) 100vw, 960px\" src=\"data:image\/svg+xml;base64,PHN2ZyB3aWR0aD0iMSIgaGVpZ2h0PSIxIiB4bWxucz0iaHR0cDovL3d3dy53My5vcmcvMjAwMC9zdmciPjwvc3ZnPg==\" style=\"--smush-placeholder-width: 960px; --smush-placeholder-aspect-ratio: 960\/948;\" \/><\/figure>\n\n\n\n<p><\/p>\n\n\n\n<p><\/p>\n","protected":false},"excerpt":{"rendered":"<p>En estos momentos se encuentra realizando con \u00e9xito el segundo d\u00eda de operativo para que puedas tener acceso a tus anteojos, a precios econ\u00f3micos. Frente a la d\u00e1rsena del puerto fue el primer d\u00eda de atenci\u00f3n al publico donde se acondiciono la casa de un pescador quien la presto para colaborar. Dialogamos con Juancho Correa, [&hellip;]<\/p>\n","protected":false},"author":4,"featured_media":47325,"comment_status":"open","ping_status":"closed","sticky":false,"template":"","format":"standard","meta":{"om_disable_all_campaigns":false,"_jetpack_memberships_contains_paid_content":false,"footnotes":""},"categories":[101,2],"tags":[],"class_list":["post-47324","post","type-post","status-publish","format-standard","has-post-thumbnail","hentry","category-interes-general-locales","category-locales"],"aioseo_notices":[],"gutentor_comment":0,"jetpack_featured_media_url":"https:\/\/eldiariodesanpedro.com.ar\/sitio\/wp-content\/uploads\/2019\/02\/51880989_2339704836270274_6490660221025779712_n.jpg","jetpack_shortlink":"https:\/\/wp.me\/p6RhLt-cji","jetpack_sharing_enabled":true,"_links":{"self":[{"href":"https:\/\/eldiariodesanpedro.com.ar\/sitio\/wp-json\/wp\/v2\/posts\/47324","targetHints":{"allow":["GET"]}}],"collection":[{"href":"https:\/\/eldiariodesanpedro.com.ar\/sitio\/wp-json\/wp\/v2\/posts"}],"about":[{"href":"https:\/\/eldiariodesanpedro.com.ar\/sitio\/wp-json\/wp\/v2\/types\/post"}],"author":[{"embeddable":true,"href":"https:\/\/eldiariodesanpedro.com.ar\/sitio\/wp-json\/wp\/v2\/users\/4"}],"replies":[{"embeddable":true,"href":"https:\/\/eldiariodesanpedro.com.ar\/sitio\/wp-json\/wp\/v2\/comments?post=47324"}],"version-history":[{"count":2,"href":"https:\/\/eldiariodesanpedro.com.ar\/sitio\/wp-json\/wp\/v2\/posts\/47324\/revisions"}],"predecessor-version":[{"id":47327,"href":"https:\/\/eldiariodesanpedro.com.ar\/sitio\/wp-json\/wp\/v2\/posts\/47324\/revisions\/47327"}],"wp:featuredmedia":[{"embeddable":true,"href":"https:\/\/eldiariodesanpedro.com.ar\/sitio\/wp-json\/wp\/v2\/media\/47325"}],"wp:attachment":[{"href":"https:\/\/eldiariodesanpedro.com.ar\/sitio\/wp-json\/wp\/v2\/media?parent=47324"}],"wp:term":[{"taxonomy":"category","embeddable":true,"href":"https:\/\/eldiariodesanpedro.com.ar\/sitio\/wp-json\/wp\/v2\/categories?post=47324"},{"taxonomy":"post_tag","embeddable":true,"href":"https:\/\/eldiariodesanpedro.com.ar\/sitio\/wp-json\/wp\/v2\/tags?post=47324"}],"curies":[{"name":"wp","href":"https:\/\/api.w.org\/{rel}","templated":true}]}}