{"id":47322,"date":"2019-02-09T11:07:35","date_gmt":"2019-02-09T14:07:35","guid":{"rendered":"https:\/\/eldiariodesanpedro.com.ar\/sitio\/?p=47322"},"modified":"2019-02-09T11:07:43","modified_gmt":"2019-02-09T14:07:43","slug":"otra-vez-usurpadores","status":"publish","type":"post","link":"https:\/\/eldiariodesanpedro.com.ar\/sitio\/otra-vez-usurpadores\/","title":{"rendered":"Otra vez: \u00abUsurpadores\u00bb"},"content":{"rendered":"<!-- VideographyWP Plugin Message: Automatic video embedding prevented by plugin options. -->\n\n<p>A semanas de la tomas de terrenos donde todav\u00eda no se han podido desalojar tres de los 8 predios tomados en el mes de enero, una nueva usurpaci\u00f3n se dio a conocer este jueves en un terreno que se encuentra en venta sobre calle Nieto de Torres al 1700.<\/p>\n\n\n\n<p>Su propietaria radico la denuncia no solo por la toma sino tambi\u00e9n por amenazas de parte de las personas que ingresaron a su terreno y que se encuentra en venta.<\/p>\n\n\n\n<p>El hecho aconteci\u00f3 en la tarde del mi\u00e9rcoles, los usurpadores dicen tener papeles del lugar y la propietaria tambi\u00e9n.<\/p>\n\n\n\n<p>La denuncia fue derivada a la fiscalia N\u00ba11 de la Dr Ramos que lleva a cabo las causas por las usurpaciones y la denuncia por amenazas fue derivada a la fiscalia N\u00ba5 del Dr Manso.<\/p>\n\n\n\n<p>Hasta ahora el predio sigue tomado, queda de parte de la justicia resolver quien es su propietario definitivamente.<\/p>\n\n\n\n<p><\/p>\n\n\n\n<p><\/p>\n\n\n\n<p><\/p>\n\n\n\n<p><\/p>\n","protected":false},"excerpt":{"rendered":"<p>A semanas de la tomas de terrenos donde todav\u00eda no se han podido desalojar tres de los 8 predios tomados en el mes de enero, una nueva usurpaci\u00f3n se dio a conocer este jueves en un terreno que se encuentra en venta sobre calle Nieto de Torres al 1700. Su propietaria radico la denuncia no [&hellip;]<\/p>\n","protected":false},"author":4,"featured_media":39230,"comment_status":"open","ping_status":"closed","sticky":false,"template":"","format":"standard","meta":{"om_disable_all_campaigns":false,"_jetpack_memberships_contains_paid_content":false,"footnotes":""},"categories":[2,103],"tags":[],"class_list":["post-47322","post","type-post","status-publish","format-standard","has-post-thumbnail","hentry","category-locales","category-policiales-locales"],"aioseo_notices":[],"gutentor_comment":0,"jetpack_featured_media_url":"https:\/\/eldiariodesanpedro.com.ar\/sitio\/wp-content\/uploads\/2018\/08\/patrullero-policia_3.jpg","jetpack_shortlink":"https:\/\/wp.me\/p6RhLt-cjg","jetpack_sharing_enabled":true,"_links":{"self":[{"href":"https:\/\/eldiariodesanpedro.com.ar\/sitio\/wp-json\/wp\/v2\/posts\/47322","targetHints":{"allow":["GET"]}}],"collection":[{"href":"https:\/\/eldiariodesanpedro.com.ar\/sitio\/wp-json\/wp\/v2\/posts"}],"about":[{"href":"https:\/\/eldiariodesanpedro.com.ar\/sitio\/wp-json\/wp\/v2\/types\/post"}],"author":[{"embeddable":true,"href":"https:\/\/eldiariodesanpedro.com.ar\/sitio\/wp-json\/wp\/v2\/users\/4"}],"replies":[{"embeddable":true,"href":"https:\/\/eldiariodesanpedro.com.ar\/sitio\/wp-json\/wp\/v2\/comments?post=47322"}],"version-history":[{"count":1,"href":"https:\/\/eldiariodesanpedro.com.ar\/sitio\/wp-json\/wp\/v2\/posts\/47322\/revisions"}],"predecessor-version":[{"id":47323,"href":"https:\/\/eldiariodesanpedro.com.ar\/sitio\/wp-json\/wp\/v2\/posts\/47322\/revisions\/47323"}],"wp:featuredmedia":[{"embeddable":true,"href":"https:\/\/eldiariodesanpedro.com.ar\/sitio\/wp-json\/wp\/v2\/media\/39230"}],"wp:attachment":[{"href":"https:\/\/eldiariodesanpedro.com.ar\/sitio\/wp-json\/wp\/v2\/media?parent=47322"}],"wp:term":[{"taxonomy":"category","embeddable":true,"href":"https:\/\/eldiariodesanpedro.com.ar\/sitio\/wp-json\/wp\/v2\/categories?post=47322"},{"taxonomy":"post_tag","embeddable":true,"href":"https:\/\/eldiariodesanpedro.com.ar\/sitio\/wp-json\/wp\/v2\/tags?post=47322"}],"curies":[{"name":"wp","href":"https:\/\/api.w.org\/{rel}","templated":true}]}}