{"id":4732,"date":"2016-05-26T18:40:17","date_gmt":"2016-05-26T21:40:17","guid":{"rendered":"https:\/\/eldiariodesanpedro.com.ar\/sitio\/?p=4732"},"modified":"2026-01-24T00:35:52","modified_gmt":"2026-01-24T03:35:52","slug":"varios-pilotos-locales-protagonistas-en-la-tercera-fecha-de-fedenor","status":"publish","type":"post","link":"https:\/\/eldiariodesanpedro.com.ar\/sitio\/varios-pilotos-locales-protagonistas-en-la-tercera-fecha-de-fedenor\/","title":{"rendered":"Varios pilotos locales protagonistas en la tercera fecha de Fedenor"},"content":{"rendered":"<p><!-- VideographyWP Plugin Message: Automatic video embedding prevented by plugin options. --><br \/>\nEn la tarde del domingo se disput\u00f3 la tercera fecha de las categor\u00edas zonales de Fedenor en el circuito Costanero de Arrecifes, donde lo m\u00e1s destacado estuvo del lado, nuevamente, de Junior Solmi y Rub\u00e9n Artigues, quienes estuvieron en lo m\u00e1s alto del podio. <\/p>\n<p>Clasificaciones en las finales<\/p>\n<p>TC Zonal, primera final: 1) Dar\u00edo Matkovich, 2) Junior Solmi, 3) Esteban Monteverde (con 3 vueltas menos), 4) Facundo Peluzza (con 6 vueltas menos). Segunda final: 1) Junior Solmi, 2) Facundo Peluzza, 3) Esteban Monteverde, 4) Adri\u00e1n P\u00e9rez, 5) Dar\u00edo Matkovich.<br \/>\nTC 4000 Standard: 1) Marcelo Horisberguer, 2) Juan \u201cCali\u201d G\u00f3mez, 3) Le\u00f3n Currat, 4) Roberto Scoppa, 5) Gast\u00f3n Aranetta (con 3 vueltas menos), 6) Patricio Bombardieri (con 10 vueltas menos).<br \/>\nTC 4000 Bonaerense: 1) Rub\u00e9n Artigues, 2) Facundo Peluzza, 3) Gustavo Bessana, 4) Andr\u00e9s De Tomassi, 5) Enrique Demetrio.<br \/>\nF\u00f3rmula Renault Bonaerense: 1) Joaqu\u00edn Alvarez, 2) Carlos Hern\u00e1ndez, 3) Federico Mart\u00ednez, 4) Mat\u00edas Collantes, 5) Ramiro Marinucci.<br \/>\nTC 850: 1) Diego Luppi, 2) Juan Solieri, 3) Mat\u00edas Fern\u00e1ndez Motta, 4) Roberto De Virgilio, 4) Gustavo Ant\u00fanez, 6) Osvaldo Del Prado.<\/p>\n","protected":false},"excerpt":{"rendered":"<p>En la tarde del domingo se disput\u00f3 la tercera fecha de las categor\u00edas zonales de Fedenor en el circuito Costanero de Arrecifes, donde lo m\u00e1s destacado estuvo del lado, nuevamente, de Junior Solmi y Rub\u00e9n Artigues, quienes estuvieron en lo m\u00e1s alto del podio. Clasificaciones en las finales TC Zonal, primera final: 1) Dar\u00edo Matkovich, [&hellip;]<\/p>\n","protected":false},"author":4,"featured_media":4733,"comment_status":"open","ping_status":"closed","sticky":false,"template":"","format":"standard","meta":{"om_disable_all_campaigns":false,"_jetpack_memberships_contains_paid_content":false,"footnotes":""},"categories":[5],"tags":[],"class_list":["post-4732","post","type-post","status-publish","format-standard","has-post-thumbnail","hentry","category-deportes"],"aioseo_notices":[],"gutentor_comment":0,"jetpack_featured_media_url":"https:\/\/eldiariodesanpedro.com.ar\/sitio\/wp-content\/uploads\/2016\/05\/FOTO-2-27-05-16-junior-solmi-arrecifes.jpg","jetpack_shortlink":"https:\/\/wp.me\/p6RhLt-1ek","jetpack_sharing_enabled":true,"_links":{"self":[{"href":"https:\/\/eldiariodesanpedro.com.ar\/sitio\/wp-json\/wp\/v2\/posts\/4732","targetHints":{"allow":["GET"]}}],"collection":[{"href":"https:\/\/eldiariodesanpedro.com.ar\/sitio\/wp-json\/wp\/v2\/posts"}],"about":[{"href":"https:\/\/eldiariodesanpedro.com.ar\/sitio\/wp-json\/wp\/v2\/types\/post"}],"author":[{"embeddable":true,"href":"https:\/\/eldiariodesanpedro.com.ar\/sitio\/wp-json\/wp\/v2\/users\/4"}],"replies":[{"embeddable":true,"href":"https:\/\/eldiariodesanpedro.com.ar\/sitio\/wp-json\/wp\/v2\/comments?post=4732"}],"version-history":[{"count":1,"href":"https:\/\/eldiariodesanpedro.com.ar\/sitio\/wp-json\/wp\/v2\/posts\/4732\/revisions"}],"predecessor-version":[{"id":4734,"href":"https:\/\/eldiariodesanpedro.com.ar\/sitio\/wp-json\/wp\/v2\/posts\/4732\/revisions\/4734"}],"wp:featuredmedia":[{"embeddable":true,"href":"https:\/\/eldiariodesanpedro.com.ar\/sitio\/wp-json\/wp\/v2\/media\/4733"}],"wp:attachment":[{"href":"https:\/\/eldiariodesanpedro.com.ar\/sitio\/wp-json\/wp\/v2\/media?parent=4732"}],"wp:term":[{"taxonomy":"category","embeddable":true,"href":"https:\/\/eldiariodesanpedro.com.ar\/sitio\/wp-json\/wp\/v2\/categories?post=4732"},{"taxonomy":"post_tag","embeddable":true,"href":"https:\/\/eldiariodesanpedro.com.ar\/sitio\/wp-json\/wp\/v2\/tags?post=4732"}],"curies":[{"name":"wp","href":"https:\/\/api.w.org\/{rel}","templated":true}]}}