{"id":47314,"date":"2019-02-09T10:37:08","date_gmt":"2019-02-09T13:37:08","guid":{"rendered":"https:\/\/eldiariodesanpedro.com.ar\/sitio\/?p=47314"},"modified":"2019-02-09T10:37:20","modified_gmt":"2019-02-09T13:37:20","slug":"se-viene-el-ramallo-pora","status":"publish","type":"post","link":"https:\/\/eldiariodesanpedro.com.ar\/sitio\/se-viene-el-ramallo-pora\/","title":{"rendered":"Se viene el Ramallo Por\u00e1"},"content":{"rendered":"<!-- VideographyWP Plugin Message: Automatic video embedding prevented by plugin options. -->\n\n<p>La 23\u00b0 edici\u00f3n del Ramallo Por\u00e1, el festival de la m\u00fasica litorale\u00f1a, tendr\u00e1 lugar el pr\u00f3ximo s\u00e1bado 16 y domingo 17 en el Paseo Arturo Jaureche del Puerto Ramallo, con entrada libre y gratuita.<\/p>\n\n\n\n<p>Con dos noches de m\u00fasica, la cartelera contara con artistas locales y de trayectoria. Ademas estar\u00e1 la presentaci\u00f3n del Ballet Horizonte en ambas noches.<\/p>\n\n\n\n<p>El d\u00eda s\u00e1bado 16 se destaca la presencia de Juan y Ernestito Montiel, que heredaron la m\u00fasica del Cuarteto Santa Ana creado en 1942 por Ernesto Montiel. Adem\u00e1s, se presentar\u00e1 el grupo Fin de Octubre de Villa General Savio, Los del Litoral (ganadores del Ramallo Pre Por\u00e1 2018), El Chaj\u00e1 (humorista) y el d\u00fao entrerriano compuesto por Marcos Pereyra y Rub\u00e9n Gim\u00e9nez.<\/p>\n\n\n\n<p>El domingo, actuar\u00e1n Padularrosa \u2013 Romero y el trio chamamecero, Huitral Poes\u00eda y Canto, Gustavo S\u00e1nchez, estar\u00e1 el humor del \u201cGaucho Pichicata\u201d, el grupo de Ricardo Esquivel (ganadores del Ramallo Pre Por\u00e1 2018) y Los Majestuosos del Chamam\u00e9.<\/p>\n\n\n\n<p>Los dos d\u00edas, la entrada al espect\u00e1culo ser\u00e1 libre y gratuita.<\/p>\n\n\n\n<p>Fuente: Ramallo Informa<\/p>\n","protected":false},"excerpt":{"rendered":"<p>La 23\u00b0 edici\u00f3n del Ramallo Por\u00e1, el festival de la m\u00fasica litorale\u00f1a, tendr\u00e1 lugar el pr\u00f3ximo s\u00e1bado 16 y domingo 17 en el Paseo Arturo Jaureche del Puerto Ramallo, con entrada libre y gratuita. Con dos noches de m\u00fasica, la cartelera contara con artistas locales y de trayectoria. Ademas estar\u00e1 la presentaci\u00f3n del Ballet Horizonte [&hellip;]<\/p>\n","protected":false},"author":4,"featured_media":47315,"comment_status":"open","ping_status":"closed","sticky":false,"template":"","format":"standard","meta":{"om_disable_all_campaigns":false,"_jetpack_memberships_contains_paid_content":false,"footnotes":""},"categories":[621],"tags":[],"class_list":["post-47314","post","type-post","status-publish","format-standard","has-post-thumbnail","hentry","category-regionales"],"aioseo_notices":[],"gutentor_comment":0,"jetpack_featured_media_url":"https:\/\/eldiariodesanpedro.com.ar\/sitio\/wp-content\/uploads\/2019\/02\/pora-1.jpg","jetpack_shortlink":"https:\/\/wp.me\/p6RhLt-cj8","jetpack_sharing_enabled":true,"_links":{"self":[{"href":"https:\/\/eldiariodesanpedro.com.ar\/sitio\/wp-json\/wp\/v2\/posts\/47314","targetHints":{"allow":["GET"]}}],"collection":[{"href":"https:\/\/eldiariodesanpedro.com.ar\/sitio\/wp-json\/wp\/v2\/posts"}],"about":[{"href":"https:\/\/eldiariodesanpedro.com.ar\/sitio\/wp-json\/wp\/v2\/types\/post"}],"author":[{"embeddable":true,"href":"https:\/\/eldiariodesanpedro.com.ar\/sitio\/wp-json\/wp\/v2\/users\/4"}],"replies":[{"embeddable":true,"href":"https:\/\/eldiariodesanpedro.com.ar\/sitio\/wp-json\/wp\/v2\/comments?post=47314"}],"version-history":[{"count":1,"href":"https:\/\/eldiariodesanpedro.com.ar\/sitio\/wp-json\/wp\/v2\/posts\/47314\/revisions"}],"predecessor-version":[{"id":47316,"href":"https:\/\/eldiariodesanpedro.com.ar\/sitio\/wp-json\/wp\/v2\/posts\/47314\/revisions\/47316"}],"wp:featuredmedia":[{"embeddable":true,"href":"https:\/\/eldiariodesanpedro.com.ar\/sitio\/wp-json\/wp\/v2\/media\/47315"}],"wp:attachment":[{"href":"https:\/\/eldiariodesanpedro.com.ar\/sitio\/wp-json\/wp\/v2\/media?parent=47314"}],"wp:term":[{"taxonomy":"category","embeddable":true,"href":"https:\/\/eldiariodesanpedro.com.ar\/sitio\/wp-json\/wp\/v2\/categories?post=47314"},{"taxonomy":"post_tag","embeddable":true,"href":"https:\/\/eldiariodesanpedro.com.ar\/sitio\/wp-json\/wp\/v2\/tags?post=47314"}],"curies":[{"name":"wp","href":"https:\/\/api.w.org\/{rel}","templated":true}]}}