{"id":47310,"date":"2019-02-09T10:33:19","date_gmt":"2019-02-09T13:33:19","guid":{"rendered":"https:\/\/eldiariodesanpedro.com.ar\/sitio\/?p=47310"},"modified":"2019-02-09T10:33:27","modified_gmt":"2019-02-09T13:33:27","slug":"ramallo-comienzan-los-preparativos-para-el-expoagro-2019","status":"publish","type":"post","link":"https:\/\/eldiariodesanpedro.com.ar\/sitio\/ramallo-comienzan-los-preparativos-para-el-expoagro-2019\/","title":{"rendered":"RAMALLO: Comienzan los preparativos para el Expoagro 2019"},"content":{"rendered":"<!-- VideographyWP Plugin Message: Automatic video embedding prevented by plugin options. -->\n\n<p>Expoagro es la exposici\u00f3n agroindustrial a campo abierto m\u00e1s importante de la Argentina. Es organizada por Exponenciar S.A. Desde 2017, y luego de 10 a\u00f1os de ediciones itinerantes, Expoagro se desarrolla en un predio estable ubicado en el km 225 de la ruta nacional 9, en San Nicol\u00e1s.<\/p>\n\n\n\n<p>Del 12 al 15 de marzo se desarrollar\u00e1 la muestra que incluye 200.000 metros cuadrados de exposici\u00f3n, parcelas de cultivos y para las demostraciones de maquinaria agr\u00edcola, un Tecn\u00f3dromo donde se exhiben los \u00faltimas novedades en AgTech y de agricultura de precisi\u00f3n, pistas para din\u00e1micas de riego, show de tolvas, embolsado y extracci\u00f3n de granos, circuitos de palas y mixers, y ganader\u00eda de precisi\u00f3n, entre otros sectores que transforman a la muestra en una usina de informaci\u00f3n.<\/p>\n\n\n\n<p>La megamuestra ya se vive con gran expectativa y muchas novedades. Sorprender\u00e1 con un predio renovado de 4.000 metros de pista totalmente asfaltados. El sector de plots se traslada al coraz\u00f3n de la muestra, lo que le dar\u00e1 a\u00fan m\u00e1s trascendencia a los lanzamientos de las principales empresas semilleras que apuestan fuerte a tecnolog\u00edas y desarrollos gen\u00e9ticos para la protecci\u00f3n de distintos cultivos.<\/p>\n\n\n\n<p>La nueva edici\u00f3n tambi\u00e9n da un paso m\u00e1s en pos de la sustentabilidad y el cumplimiento de normas vinculadas al manejo de residuos y reposici\u00f3n de grupos electr\u00f3genos con menor uso de combustibles. A su vez, habr\u00e1 cuatro puestos de informes que guiar\u00e1n al p\u00fablico visitante que podr\u00e1 adem\u00e1s elegir la mejor oferta gastron\u00f3mica que estar\u00e1 distribuida en 23.700 m2.<\/p>\n\n\n\n<p>Miles de visitantes de la Argentina y el mundo participan de este mega encuentro de los agronegocios donde la \u00faltima tecnolog\u00eda en maquinaria agr\u00edcola se muestra en movimiento frente a contratistas, productores y p\u00fablico en general, y lo hace acompa\u00f1ada de lo m\u00e1s avanzado en tecnolog\u00edas de insumos y procesos para la actividad.<\/p>\n\n\n\n<figure class=\"wp-block-image\"><img decoding=\"async\" width=\"650\" height=\"404\" data-attachment-id=\"47311\" data-permalink=\"https:\/\/eldiariodesanpedro.com.ar\/sitio\/ramallo-comienzan-los-preparativos-para-el-expoagro-2019\/expoagro2019\/\" data-orig-file=\"https:\/\/eldiariodesanpedro.com.ar\/sitio\/wp-content\/uploads\/2019\/02\/expoagro2019.jpg\" data-orig-size=\"650,404\" data-comments-opened=\"1\" data-image-meta=\"{&quot;aperture&quot;:&quot;0&quot;,&quot;credit&quot;:&quot;&quot;,&quot;camera&quot;:&quot;&quot;,&quot;caption&quot;:&quot;&quot;,&quot;created_timestamp&quot;:&quot;0&quot;,&quot;copyright&quot;:&quot;&quot;,&quot;focal_length&quot;:&quot;0&quot;,&quot;iso&quot;:&quot;0&quot;,&quot;shutter_speed&quot;:&quot;0&quot;,&quot;title&quot;:&quot;&quot;,&quot;orientation&quot;:&quot;0&quot;}\" data-image-title=\"expoagro2019\" data-image-description=\"\" data-image-caption=\"\" data-large-file=\"https:\/\/eldiariodesanpedro.com.ar\/sitio\/wp-content\/uploads\/2019\/02\/expoagro2019.jpg\" data-src=\"https:\/\/eldiariodesanpedro.com.ar\/sitio\/wp-content\/uploads\/2019\/02\/expoagro2019.jpg\" alt=\"\" class=\"wp-image-47311 lazyload\" data-srcset=\"https:\/\/eldiariodesanpedro.com.ar\/sitio\/wp-content\/uploads\/2019\/02\/expoagro2019.jpg 650w, https:\/\/eldiariodesanpedro.com.ar\/sitio\/wp-content\/uploads\/2019\/02\/expoagro2019-300x186.jpg 300w\" data-sizes=\"(max-width: 650px) 100vw, 650px\" src=\"data:image\/svg+xml;base64,PHN2ZyB3aWR0aD0iMSIgaGVpZ2h0PSIxIiB4bWxucz0iaHR0cDovL3d3dy53My5vcmcvMjAwMC9zdmciPjwvc3ZnPg==\" style=\"--smush-placeholder-width: 650px; --smush-placeholder-aspect-ratio: 650\/404;\" \/><\/figure>\n\n\n\n<p>Fuente: Ramallo Informa<\/p>\n","protected":false},"excerpt":{"rendered":"<p>Expoagro es la exposici\u00f3n agroindustrial a campo abierto m\u00e1s importante de la Argentina. Es organizada por Exponenciar S.A. Desde 2017, y luego de 10 a\u00f1os de ediciones itinerantes, Expoagro se desarrolla en un predio estable ubicado en el km 225 de la ruta nacional 9, en San Nicol\u00e1s. Del 12 al 15 de marzo se [&hellip;]<\/p>\n","protected":false},"author":4,"featured_media":47311,"comment_status":"open","ping_status":"closed","sticky":false,"template":"","format":"standard","meta":{"om_disable_all_campaigns":false,"_jetpack_memberships_contains_paid_content":false,"footnotes":""},"categories":[621],"tags":[],"class_list":["post-47310","post","type-post","status-publish","format-standard","has-post-thumbnail","hentry","category-regionales"],"aioseo_notices":[],"gutentor_comment":0,"jetpack_featured_media_url":"https:\/\/eldiariodesanpedro.com.ar\/sitio\/wp-content\/uploads\/2019\/02\/expoagro2019.jpg","jetpack_shortlink":"https:\/\/wp.me\/p6RhLt-cj4","jetpack_sharing_enabled":true,"_links":{"self":[{"href":"https:\/\/eldiariodesanpedro.com.ar\/sitio\/wp-json\/wp\/v2\/posts\/47310","targetHints":{"allow":["GET"]}}],"collection":[{"href":"https:\/\/eldiariodesanpedro.com.ar\/sitio\/wp-json\/wp\/v2\/posts"}],"about":[{"href":"https:\/\/eldiariodesanpedro.com.ar\/sitio\/wp-json\/wp\/v2\/types\/post"}],"author":[{"embeddable":true,"href":"https:\/\/eldiariodesanpedro.com.ar\/sitio\/wp-json\/wp\/v2\/users\/4"}],"replies":[{"embeddable":true,"href":"https:\/\/eldiariodesanpedro.com.ar\/sitio\/wp-json\/wp\/v2\/comments?post=47310"}],"version-history":[{"count":1,"href":"https:\/\/eldiariodesanpedro.com.ar\/sitio\/wp-json\/wp\/v2\/posts\/47310\/revisions"}],"predecessor-version":[{"id":47313,"href":"https:\/\/eldiariodesanpedro.com.ar\/sitio\/wp-json\/wp\/v2\/posts\/47310\/revisions\/47313"}],"wp:featuredmedia":[{"embeddable":true,"href":"https:\/\/eldiariodesanpedro.com.ar\/sitio\/wp-json\/wp\/v2\/media\/47311"}],"wp:attachment":[{"href":"https:\/\/eldiariodesanpedro.com.ar\/sitio\/wp-json\/wp\/v2\/media?parent=47310"}],"wp:term":[{"taxonomy":"category","embeddable":true,"href":"https:\/\/eldiariodesanpedro.com.ar\/sitio\/wp-json\/wp\/v2\/categories?post=47310"},{"taxonomy":"post_tag","embeddable":true,"href":"https:\/\/eldiariodesanpedro.com.ar\/sitio\/wp-json\/wp\/v2\/tags?post=47310"}],"curies":[{"name":"wp","href":"https:\/\/api.w.org\/{rel}","templated":true}]}}