{"id":47307,"date":"2019-02-09T10:16:14","date_gmt":"2019-02-09T13:16:14","guid":{"rendered":"https:\/\/eldiariodesanpedro.com.ar\/sitio\/?p=47307"},"modified":"2019-02-09T10:16:24","modified_gmt":"2019-02-09T13:16:24","slug":"vacunas-para-ingresar-a-la-escuela-primaria","status":"publish","type":"post","link":"https:\/\/eldiariodesanpedro.com.ar\/sitio\/vacunas-para-ingresar-a-la-escuela-primaria\/","title":{"rendered":"Vacunas para ingresar a la escuela primaria"},"content":{"rendered":"<!-- VideographyWP Plugin Message: Automatic video embedding prevented by plugin options. -->\n\n<blockquote class=\"wp-block-quote is-layout-flow wp-block-quote-is-layout-flow\"><p>A esta edad, ni\u00f1os y ni\u00f1as entran en contacto con m\u00e1s personas, lo que los expone a m\u00e1s enfermedades. Las vacunas ayudan a prevenir algunas de ellas.<\/p><\/blockquote>\n\n\n\n<p>Las&nbsp;<a href=\"https:\/\/www.argentina.gob.ar\/salud\/glosario\/vacunas\">vacunas<\/a>&nbsp;que deben recibir en esta etapa&nbsp;<strong>refuerzan la protecci\u00f3n contra enfermedades<\/strong>contra las cuales ya hab\u00edan sido vacunados durante los primeros meses de vida, pero son indispensables para mantener una protecci\u00f3n duradera.<\/p>\n\n\n\n<p>Las vacunas del ingreso escolar no solo previenen o evitan la transmisi\u00f3n de enfermedades no eliminables (por ejemplo, la tos convulsa, el t\u00e9tanos y la difteria) y de algunas que por lo general son benignas, (como las paperas), sino que&nbsp;<strong>son claves para mantener a nuestro pa\u00eds libre de enfermedades muy serias<\/strong>, como el&nbsp;<a href=\"https:\/\/www.argentina.gob.ar\/salud\/glosario\/sarampion\">sarampi\u00f3n<\/a>, la&nbsp;<a href=\"https:\/\/www.argentina.gob.ar\/salud\/glosario\/rubeola\">rub\u00e9ola<\/a>&nbsp;y la&nbsp;<a href=\"https:\/\/www.argentina.gob.ar\/salud\/glosario\/polio\">poliomielitis<\/a>.<\/p>\n\n\n\n<p>Al vacunar a nuestros hijos contra esas enfermedades, disminuye su circulaci\u00f3n, con lo que&nbsp;<strong>beneficiamos<\/strong>&nbsp;tambi\u00e9n a la familia, a los compa\u00f1eros que tienen contraindicaciones para vacunarse y al resto de la comunidad.<\/p>\n\n\n\n<h3 class=\"wp-block-heading\">Vacunas que debemos darles a la edad de ingreso escolar (5 o 6 a\u00f1os)<\/h3>\n\n\n\n<ul class=\"wp-block-list\"><li><strong><a href=\"https:\/\/www.argentina.gob.ar\/salud\/vacunas\/polio\">Poliomielitis<\/a><\/strong>: segundo refuerzo. Se aplica por v\u00eda oral.<\/li><li><strong><a href=\"https:\/\/www.argentina.gob.ar\/salud\/vacunas\/tripleviral\">Triple viral SRP<\/a><\/strong>: segunda dosis.<\/li><li><strong><a href=\"https:\/\/www.argentina.gob.ar\/salud\/vacunas\/triplebacterianacelular\">Triple bacteriana celular<\/a><\/strong>: segundo refuerzo.<\/li><li><\/li><\/ul>\n\n\n\n<figure class=\"wp-block-image\"><img decoding=\"async\" width=\"1024\" height=\"1021\" data-attachment-id=\"47308\" data-permalink=\"https:\/\/eldiariodesanpedro.com.ar\/sitio\/vacunas-para-ingresar-a-la-escuela-primaria\/0000001192cnt-placas_ingreso-escolar-vacunas3\/\" data-orig-file=\"https:\/\/eldiariodesanpedro.com.ar\/sitio\/wp-content\/uploads\/2019\/02\/0000001192cnt-placas_Ingreso-Escolar-VACUNAS3.jpg\" data-orig-size=\"1204,1200\" data-comments-opened=\"1\" data-image-meta=\"{&quot;aperture&quot;:&quot;0&quot;,&quot;credit&quot;:&quot;Usuario&quot;,&quot;camera&quot;:&quot;&quot;,&quot;caption&quot;:&quot;&quot;,&quot;created_timestamp&quot;:&quot;0&quot;,&quot;copyright&quot;:&quot;&quot;,&quot;focal_length&quot;:&quot;0&quot;,&quot;iso&quot;:&quot;0&quot;,&quot;shutter_speed&quot;:&quot;0&quot;,&quot;title&quot;:&quot;&quot;,&quot;orientation&quot;:&quot;0&quot;}\" data-image-title=\"0000001192cnt-placas_Ingreso-Escolar VACUNAS3\" data-image-description=\"\" data-image-caption=\"\" data-large-file=\"https:\/\/eldiariodesanpedro.com.ar\/sitio\/wp-content\/uploads\/2019\/02\/0000001192cnt-placas_Ingreso-Escolar-VACUNAS3-1024x1021.jpg\" data-src=\"https:\/\/eldiariodesanpedro.com.ar\/sitio\/wp-content\/uploads\/2019\/02\/0000001192cnt-placas_Ingreso-Escolar-VACUNAS3-1024x1021.jpg\" alt=\"\" class=\"wp-image-47308 lazyload\" data-srcset=\"https:\/\/eldiariodesanpedro.com.ar\/sitio\/wp-content\/uploads\/2019\/02\/0000001192cnt-placas_Ingreso-Escolar-VACUNAS3-1024x1021.jpg 1024w, https:\/\/eldiariodesanpedro.com.ar\/sitio\/wp-content\/uploads\/2019\/02\/0000001192cnt-placas_Ingreso-Escolar-VACUNAS3-150x150.jpg 150w, https:\/\/eldiariodesanpedro.com.ar\/sitio\/wp-content\/uploads\/2019\/02\/0000001192cnt-placas_Ingreso-Escolar-VACUNAS3-300x300.jpg 300w, https:\/\/eldiariodesanpedro.com.ar\/sitio\/wp-content\/uploads\/2019\/02\/0000001192cnt-placas_Ingreso-Escolar-VACUNAS3-768x765.jpg 768w, https:\/\/eldiariodesanpedro.com.ar\/sitio\/wp-content\/uploads\/2019\/02\/0000001192cnt-placas_Ingreso-Escolar-VACUNAS3.jpg 1204w\" data-sizes=\"(max-width: 1024px) 100vw, 1024px\" src=\"data:image\/svg+xml;base64,PHN2ZyB3aWR0aD0iMSIgaGVpZ2h0PSIxIiB4bWxucz0iaHR0cDovL3d3dy53My5vcmcvMjAwMC9zdmciPjwvc3ZnPg==\" style=\"--smush-placeholder-width: 1024px; --smush-placeholder-aspect-ratio: 1024\/1021;\" \/><\/figure>\n","protected":false},"excerpt":{"rendered":"<p>A esta edad, ni\u00f1os y ni\u00f1as entran en contacto con m\u00e1s personas, lo que los expone a m\u00e1s enfermedades. Las vacunas ayudan a prevenir algunas de ellas. Las&nbsp;vacunas&nbsp;que deben recibir en esta etapa&nbsp;refuerzan la protecci\u00f3n contra enfermedadescontra las cuales ya hab\u00edan sido vacunados durante los primeros meses de vida, pero son indispensables para mantener una [&hellip;]<\/p>\n","protected":false},"author":4,"featured_media":47308,"comment_status":"open","ping_status":"closed","sticky":false,"template":"","format":"standard","meta":{"om_disable_all_campaigns":false,"_jetpack_memberships_contains_paid_content":false,"footnotes":""},"categories":[3],"tags":[],"class_list":["post-47307","post","type-post","status-publish","format-standard","has-post-thumbnail","hentry","category-nacionales"],"aioseo_notices":[],"gutentor_comment":0,"jetpack_featured_media_url":"https:\/\/eldiariodesanpedro.com.ar\/sitio\/wp-content\/uploads\/2019\/02\/0000001192cnt-placas_Ingreso-Escolar-VACUNAS3.jpg","jetpack_shortlink":"https:\/\/wp.me\/p6RhLt-cj1","jetpack_sharing_enabled":true,"_links":{"self":[{"href":"https:\/\/eldiariodesanpedro.com.ar\/sitio\/wp-json\/wp\/v2\/posts\/47307","targetHints":{"allow":["GET"]}}],"collection":[{"href":"https:\/\/eldiariodesanpedro.com.ar\/sitio\/wp-json\/wp\/v2\/posts"}],"about":[{"href":"https:\/\/eldiariodesanpedro.com.ar\/sitio\/wp-json\/wp\/v2\/types\/post"}],"author":[{"embeddable":true,"href":"https:\/\/eldiariodesanpedro.com.ar\/sitio\/wp-json\/wp\/v2\/users\/4"}],"replies":[{"embeddable":true,"href":"https:\/\/eldiariodesanpedro.com.ar\/sitio\/wp-json\/wp\/v2\/comments?post=47307"}],"version-history":[{"count":1,"href":"https:\/\/eldiariodesanpedro.com.ar\/sitio\/wp-json\/wp\/v2\/posts\/47307\/revisions"}],"predecessor-version":[{"id":47309,"href":"https:\/\/eldiariodesanpedro.com.ar\/sitio\/wp-json\/wp\/v2\/posts\/47307\/revisions\/47309"}],"wp:featuredmedia":[{"embeddable":true,"href":"https:\/\/eldiariodesanpedro.com.ar\/sitio\/wp-json\/wp\/v2\/media\/47308"}],"wp:attachment":[{"href":"https:\/\/eldiariodesanpedro.com.ar\/sitio\/wp-json\/wp\/v2\/media?parent=47307"}],"wp:term":[{"taxonomy":"category","embeddable":true,"href":"https:\/\/eldiariodesanpedro.com.ar\/sitio\/wp-json\/wp\/v2\/categories?post=47307"},{"taxonomy":"post_tag","embeddable":true,"href":"https:\/\/eldiariodesanpedro.com.ar\/sitio\/wp-json\/wp\/v2\/tags?post=47307"}],"curies":[{"name":"wp","href":"https:\/\/api.w.org\/{rel}","templated":true}]}}