{"id":47304,"date":"2019-02-09T09:59:26","date_gmt":"2019-02-09T12:59:26","guid":{"rendered":"https:\/\/eldiariodesanpedro.com.ar\/sitio\/?p=47304"},"modified":"2019-02-09T09:59:35","modified_gmt":"2019-02-09T12:59:35","slug":"en-pergamino-se-usaron-mas-de-3-millones-de-litros-de-agrotoxicos-en-un-ano","status":"publish","type":"post","link":"https:\/\/eldiariodesanpedro.com.ar\/sitio\/en-pergamino-se-usaron-mas-de-3-millones-de-litros-de-agrotoxicos-en-un-ano\/","title":{"rendered":"En Pergamino se usaron mas de 3 millones de litros de agrot\u00f3xicos en un a\u00f1o"},"content":{"rendered":"<!-- VideographyWP Plugin Message: Automatic video embedding prevented by plugin options. -->\n\n<p>\n\nEn la provincia de Buenos Aires, la ciudad de Pergamino se ubica entre las cuatro que m\u00e1s utilizan este tipo de productos que atentan contra la salud de la poblaci\u00f3n.<\/p>\n\n\n\n<p>Los datos corresponden al cruzamiento de datos oficiales del Ministerio de Agroindustria de la Naci\u00f3n con informaci\u00f3n del agronegocio en medios hegem\u00f3nicos correspondiente a la Campa\u00f1a 2017\/18.<\/p>\n\n\n\n<p>Pergamino&nbsp;es uno de los distritos de la provincia que utiliza mayor cantidad de agrot\u00f3xicos al a\u00f1o. La ciudad se encuentra&nbsp;cuarta en el ranking, mostrando una medalla que s\u00f3lo celebra el campo y sus negocios.<\/p>\n\n\n\n<p>Es el cuarto distrito en la provincia con mayor uso de agrot\u00f3xicos, despu\u00e9s de General Villegas, Tres Arroyos y Lincoln.<\/p>\n\n\n\n<p>Seg\u00fan las cifras oficiales, en el distrito se utilizaron 3.100.000 litros\/kilos de agrot\u00f3xicos durante la campa\u00f1a 2017\/2018.<\/p>\n\n\n\n<p>Fuente: Pergamino Verdad<\/p>\n","protected":false},"excerpt":{"rendered":"<p>En la provincia de Buenos Aires, la ciudad de Pergamino se ubica entre las cuatro que m\u00e1s utilizan este tipo de productos que atentan contra la salud de la poblaci\u00f3n. Los datos corresponden al cruzamiento de datos oficiales del Ministerio de Agroindustria de la Naci\u00f3n con informaci\u00f3n del agronegocio en medios hegem\u00f3nicos correspondiente a la [&hellip;]<\/p>\n","protected":false},"author":4,"featured_media":47305,"comment_status":"open","ping_status":"closed","sticky":false,"template":"","format":"standard","meta":{"om_disable_all_campaigns":false,"_jetpack_memberships_contains_paid_content":false,"footnotes":""},"categories":[621],"tags":[],"class_list":["post-47304","post","type-post","status-publish","format-standard","has-post-thumbnail","hentry","category-regionales"],"aioseo_notices":[],"gutentor_comment":0,"jetpack_featured_media_url":"https:\/\/eldiariodesanpedro.com.ar\/sitio\/wp-content\/uploads\/2019\/02\/mosquito.jpg","jetpack_shortlink":"https:\/\/wp.me\/p6RhLt-ciY","jetpack_sharing_enabled":true,"_links":{"self":[{"href":"https:\/\/eldiariodesanpedro.com.ar\/sitio\/wp-json\/wp\/v2\/posts\/47304","targetHints":{"allow":["GET"]}}],"collection":[{"href":"https:\/\/eldiariodesanpedro.com.ar\/sitio\/wp-json\/wp\/v2\/posts"}],"about":[{"href":"https:\/\/eldiariodesanpedro.com.ar\/sitio\/wp-json\/wp\/v2\/types\/post"}],"author":[{"embeddable":true,"href":"https:\/\/eldiariodesanpedro.com.ar\/sitio\/wp-json\/wp\/v2\/users\/4"}],"replies":[{"embeddable":true,"href":"https:\/\/eldiariodesanpedro.com.ar\/sitio\/wp-json\/wp\/v2\/comments?post=47304"}],"version-history":[{"count":1,"href":"https:\/\/eldiariodesanpedro.com.ar\/sitio\/wp-json\/wp\/v2\/posts\/47304\/revisions"}],"predecessor-version":[{"id":47306,"href":"https:\/\/eldiariodesanpedro.com.ar\/sitio\/wp-json\/wp\/v2\/posts\/47304\/revisions\/47306"}],"wp:featuredmedia":[{"embeddable":true,"href":"https:\/\/eldiariodesanpedro.com.ar\/sitio\/wp-json\/wp\/v2\/media\/47305"}],"wp:attachment":[{"href":"https:\/\/eldiariodesanpedro.com.ar\/sitio\/wp-json\/wp\/v2\/media?parent=47304"}],"wp:term":[{"taxonomy":"category","embeddable":true,"href":"https:\/\/eldiariodesanpedro.com.ar\/sitio\/wp-json\/wp\/v2\/categories?post=47304"},{"taxonomy":"post_tag","embeddable":true,"href":"https:\/\/eldiariodesanpedro.com.ar\/sitio\/wp-json\/wp\/v2\/tags?post=47304"}],"curies":[{"name":"wp","href":"https:\/\/api.w.org\/{rel}","templated":true}]}}