{"id":47301,"date":"2019-02-09T09:51:00","date_gmt":"2019-02-09T12:51:00","guid":{"rendered":"https:\/\/eldiariodesanpedro.com.ar\/sitio\/?p=47301"},"modified":"2019-02-09T09:51:10","modified_gmt":"2019-02-09T12:51:10","slug":"arrecifes-el-misterio-que-envuelve-al-mufado-nuevo-escenario-del-balneario","status":"publish","type":"post","link":"https:\/\/eldiariodesanpedro.com.ar\/sitio\/arrecifes-el-misterio-que-envuelve-al-mufado-nuevo-escenario-del-balneario\/","title":{"rendered":"ARRECIFES: El misterio que envuelve al \u201cmufado\u201d nuevo escenario del Balneario"},"content":{"rendered":"<!-- VideographyWP Plugin Message: Automatic video embedding prevented by plugin options. -->\n\n<p>En diciembre de 2016 la Municipalidad de Arrecifes inici\u00f3 la construcci\u00f3n de un nuevo escenario para espect\u00e1culos en el Balneario, sobre la margen derecha del r\u00edo, en la zona de parrillas. Pero pasados m\u00e1s de dos a\u00f1os, nunca se pudo inaugurar. Cada vez que se program\u00f3 algo en ese lugar, debi\u00f3 suspenderse.<\/p>\n\n\n\n<p>Un misterio envuelve a ese escenario, como si estuviera atrapado por una especie de \u201cmufa\u201d. Ante cada anuncio de un espect\u00e1culo all\u00ed, llueve o se desborda el r\u00edo, invariablemente.<\/p>\n\n\n\n<p>No pudo realizarse el lanzamiento de la temporada de verano 2017 all\u00ed, postergada varios domingos consecutivos. Tampoco, en enero de ese mismo a\u00f1o, el ciclo \u201cM\u00fasica y R\u00edo\u201d. Un mes despu\u00e9s se program\u00f3 la presentaci\u00f3n de Grupo Play y tambi\u00e9n debi\u00f3 suspenderse.<\/p>\n\n\n\n<p>En abril de 2017 se intent\u00f3, una vez m\u00e1s, estrenar el flamante escenario con shows musicales en el inicio de la Correcaminata organizada por Adventure Group. Tampoco se pudo hacer.<\/p>\n\n\n\n<p>En el verano de 2018 se dej\u00f3 de lado la programaci\u00f3n de eventos en ese sitio y se realizaron en la rotonda del Balneario y despu\u00e9s sobre la Av. Merlassino, sin problemas.<\/p>\n\n\n\n<p>Ahora, al iniciarse 2019, se hizo un nuevo intento: la Municipalidad anunci\u00f3 el ciclo \u201cM\u00fasica y R\u00edo\u201d en el nunca estrenado escenario. El r\u00edo volvi\u00f3 a desbordarse y el evento pas\u00f3 a ser \u201cPlaza y R\u00edo\u201d, en la plaza H\u00e9roes de Malvinas.<\/p>\n\n\n\n<p>En su oportunidad, la tarotista Sandra Tabares Antonelli, por pedido de Radio Uno (107.1) y ante las sucesivas suspensiones, se situ\u00f3 en el puente del r\u00edo Arrecifes con un p\u00e9ndulo y manifest\u00f3 que la zona de ese escenario emanaba una mala energ\u00eda, agregando que \u201csi los eventos se programan sobre Avenida Merlassino o en la zona del Molino, no va a haber ning\u00fan problema\u201d.<\/p>\n\n\n\n<p>As\u00ed ocurri\u00f3 de ah\u00ed en m\u00e1s, hasta hoy. Creer o reventar.<\/p>\n\n\n\n<figure class=\"wp-block-image\"><img decoding=\"async\" width=\"724\" height=\"512\" data-attachment-id=\"47302\" data-permalink=\"https:\/\/eldiariodesanpedro.com.ar\/sitio\/arrecifes-el-misterio-que-envuelve-al-mufado-nuevo-escenario-del-balneario\/balneario-escenario\/\" data-orig-file=\"https:\/\/eldiariodesanpedro.com.ar\/sitio\/wp-content\/uploads\/2019\/02\/Balneario-escenario.jpg\" data-orig-size=\"724,512\" data-comments-opened=\"1\" data-image-meta=\"{&quot;aperture&quot;:&quot;0&quot;,&quot;credit&quot;:&quot;&quot;,&quot;camera&quot;:&quot;&quot;,&quot;caption&quot;:&quot;&quot;,&quot;created_timestamp&quot;:&quot;0&quot;,&quot;copyright&quot;:&quot;&quot;,&quot;focal_length&quot;:&quot;0&quot;,&quot;iso&quot;:&quot;0&quot;,&quot;shutter_speed&quot;:&quot;0&quot;,&quot;title&quot;:&quot;&quot;,&quot;orientation&quot;:&quot;0&quot;}\" data-image-title=\"Balneario-escenario\" data-image-description=\"\" data-image-caption=\"\" data-large-file=\"https:\/\/eldiariodesanpedro.com.ar\/sitio\/wp-content\/uploads\/2019\/02\/Balneario-escenario.jpg\" data-src=\"https:\/\/eldiariodesanpedro.com.ar\/sitio\/wp-content\/uploads\/2019\/02\/Balneario-escenario.jpg\" alt=\"\" class=\"wp-image-47302 lazyload\" data-srcset=\"https:\/\/eldiariodesanpedro.com.ar\/sitio\/wp-content\/uploads\/2019\/02\/Balneario-escenario.jpg 724w, https:\/\/eldiariodesanpedro.com.ar\/sitio\/wp-content\/uploads\/2019\/02\/Balneario-escenario-300x212.jpg 300w\" data-sizes=\"(max-width: 724px) 100vw, 724px\" src=\"data:image\/svg+xml;base64,PHN2ZyB3aWR0aD0iMSIgaGVpZ2h0PSIxIiB4bWxucz0iaHR0cDovL3d3dy53My5vcmcvMjAwMC9zdmciPjwvc3ZnPg==\" style=\"--smush-placeholder-width: 724px; --smush-placeholder-aspect-ratio: 724\/512;\" \/><\/figure>\n\n\n\n<p>Fuente: Noticias Arrecifes<\/p>\n","protected":false},"excerpt":{"rendered":"<p>En diciembre de 2016 la Municipalidad de Arrecifes inici\u00f3 la construcci\u00f3n de un nuevo escenario para espect\u00e1culos en el Balneario, sobre la margen derecha del r\u00edo, en la zona de parrillas. Pero pasados m\u00e1s de dos a\u00f1os, nunca se pudo inaugurar. Cada vez que se program\u00f3 algo en ese lugar, debi\u00f3 suspenderse. Un misterio envuelve [&hellip;]<\/p>\n","protected":false},"author":4,"featured_media":47302,"comment_status":"open","ping_status":"closed","sticky":false,"template":"","format":"standard","meta":{"om_disable_all_campaigns":false,"_jetpack_memberships_contains_paid_content":false,"footnotes":""},"categories":[621],"tags":[],"class_list":["post-47301","post","type-post","status-publish","format-standard","has-post-thumbnail","hentry","category-regionales"],"aioseo_notices":[],"gutentor_comment":0,"jetpack_featured_media_url":"https:\/\/eldiariodesanpedro.com.ar\/sitio\/wp-content\/uploads\/2019\/02\/Balneario-escenario.jpg","jetpack_shortlink":"https:\/\/wp.me\/p6RhLt-ciV","jetpack_sharing_enabled":true,"_links":{"self":[{"href":"https:\/\/eldiariodesanpedro.com.ar\/sitio\/wp-json\/wp\/v2\/posts\/47301","targetHints":{"allow":["GET"]}}],"collection":[{"href":"https:\/\/eldiariodesanpedro.com.ar\/sitio\/wp-json\/wp\/v2\/posts"}],"about":[{"href":"https:\/\/eldiariodesanpedro.com.ar\/sitio\/wp-json\/wp\/v2\/types\/post"}],"author":[{"embeddable":true,"href":"https:\/\/eldiariodesanpedro.com.ar\/sitio\/wp-json\/wp\/v2\/users\/4"}],"replies":[{"embeddable":true,"href":"https:\/\/eldiariodesanpedro.com.ar\/sitio\/wp-json\/wp\/v2\/comments?post=47301"}],"version-history":[{"count":1,"href":"https:\/\/eldiariodesanpedro.com.ar\/sitio\/wp-json\/wp\/v2\/posts\/47301\/revisions"}],"predecessor-version":[{"id":47303,"href":"https:\/\/eldiariodesanpedro.com.ar\/sitio\/wp-json\/wp\/v2\/posts\/47301\/revisions\/47303"}],"wp:featuredmedia":[{"embeddable":true,"href":"https:\/\/eldiariodesanpedro.com.ar\/sitio\/wp-json\/wp\/v2\/media\/47302"}],"wp:attachment":[{"href":"https:\/\/eldiariodesanpedro.com.ar\/sitio\/wp-json\/wp\/v2\/media?parent=47301"}],"wp:term":[{"taxonomy":"category","embeddable":true,"href":"https:\/\/eldiariodesanpedro.com.ar\/sitio\/wp-json\/wp\/v2\/categories?post=47301"},{"taxonomy":"post_tag","embeddable":true,"href":"https:\/\/eldiariodesanpedro.com.ar\/sitio\/wp-json\/wp\/v2\/tags?post=47301"}],"curies":[{"name":"wp","href":"https:\/\/api.w.org\/{rel}","templated":true}]}}