{"id":47297,"date":"2019-02-09T09:33:57","date_gmt":"2019-02-09T12:33:57","guid":{"rendered":"https:\/\/eldiariodesanpedro.com.ar\/sitio\/?p=47297"},"modified":"2019-02-09T09:43:44","modified_gmt":"2019-02-09T12:43:44","slug":"campana-pozos-una-ruta-a-oscuras-y-otra-muerte-que-pudo-haberse-evitado-ruta-6","status":"publish","type":"post","link":"https:\/\/eldiariodesanpedro.com.ar\/sitio\/campana-pozos-una-ruta-a-oscuras-y-otra-muerte-que-pudo-haberse-evitado-ruta-6\/","title":{"rendered":"CAMPANA : Pozos, una ruta a oscuras, y otra muerte que pudo haberse evitado (Ruta 6)"},"content":{"rendered":"<!-- VideographyWP Plugin Message: Automatic video embedding prevented by plugin options. -->\n\n<p> El fatal hecho ocurri\u00f3 anoche, a metros de la rotonda de Las Acacias, sobre la Ruta 6. Un motociclista perdi\u00f3 la vida al ser impactado por un auto, en el que viajaba una familia. La v\u00edctima ten\u00eda 32 a\u00f1os, y viv\u00eda en el barrio cercano al tr\u00e1gico accidente.<\/p>\n\n\n\n<p>\n\nCerca de la 01.30 hs, la Ruta 6 volvi\u00f3 a vestirse de luto al ser escenario de un nuevo accidente fatal. Esta vez, ocurri\u00f3 a metros de la rotonda de Las Acacias (donde se encuentran los cimientos del peaje).<\/p>\n\n\n\n<p>Cubiertos por una oscuridad casi absoluta, y rodeado de los ya tradicionales pozos, la moto Zanella 110 cc. circulaba en direcci\u00f3n a Las Acacias, cuando fue impactada por un autom\u00f3vil Renalult Fluence que transitaba en el mismo sentido y con una familia a bordo, que al parecer regresaba de una fiesta en Los Cardales.<\/p>\n\n\n\n<p>Tras el impacto, el conductor de la moto cay\u00f3 y perdi\u00f3 la vida en el acto, suponen las primeras pericias. El auto, por su parte, se detuvo a unos 250 metros del lugar del choque. Una ambulancia del Same se hizo presente en el lugar, pero al constatarse el deceso del motociclista, finalmente, no traslad\u00f3.<\/p>\n\n\n\n<p>Cuatro patrulleros balizaron la zona para evitar nuevos accidentes. La v\u00edctima fatal fue identificada como Marcos Sebasti\u00e1n Fern\u00e1ndez, de 32 a\u00f1os, quien al parecer viv\u00eda en Las Acacias . Su madre y otros familiares llegaron al lugar enterados de la tr\u00e1gica noticia. <\/p>\n\n\n\n<p>Fuente: Campana Noticias<\/p>\n\n\n\n<p><br><\/p>\n\n\n\n<p><\/p>\n\n\n\n<p><\/p>\n\n\n\n<p><\/p>\n\n\n\n<p><\/p>\n\n\n\n<p><br><\/p>\n","protected":false},"excerpt":{"rendered":"<p>El fatal hecho ocurri\u00f3 anoche, a metros de la rotonda de Las Acacias, sobre la Ruta 6. Un motociclista perdi\u00f3 la vida al ser impactado por un auto, en el que viajaba una familia. La v\u00edctima ten\u00eda 32 a\u00f1os, y viv\u00eda en el barrio cercano al tr\u00e1gico accidente. Cerca de la 01.30 hs, la Ruta [&hellip;]<\/p>\n","protected":false},"author":4,"featured_media":47300,"comment_status":"open","ping_status":"closed","sticky":false,"template":"","format":"standard","meta":{"om_disable_all_campaigns":false,"_jetpack_memberships_contains_paid_content":false,"footnotes":""},"categories":[621],"tags":[],"class_list":["post-47297","post","type-post","status-publish","format-standard","has-post-thumbnail","hentry","category-regionales"],"aioseo_notices":[],"gutentor_comment":0,"jetpack_featured_media_url":"https:\/\/eldiariodesanpedro.com.ar\/sitio\/wp-content\/uploads\/2019\/02\/27005.jpg","jetpack_shortlink":"https:\/\/wp.me\/p6RhLt-ciR","jetpack_sharing_enabled":true,"_links":{"self":[{"href":"https:\/\/eldiariodesanpedro.com.ar\/sitio\/wp-json\/wp\/v2\/posts\/47297","targetHints":{"allow":["GET"]}}],"collection":[{"href":"https:\/\/eldiariodesanpedro.com.ar\/sitio\/wp-json\/wp\/v2\/posts"}],"about":[{"href":"https:\/\/eldiariodesanpedro.com.ar\/sitio\/wp-json\/wp\/v2\/types\/post"}],"author":[{"embeddable":true,"href":"https:\/\/eldiariodesanpedro.com.ar\/sitio\/wp-json\/wp\/v2\/users\/4"}],"replies":[{"embeddable":true,"href":"https:\/\/eldiariodesanpedro.com.ar\/sitio\/wp-json\/wp\/v2\/comments?post=47297"}],"version-history":[{"count":1,"href":"https:\/\/eldiariodesanpedro.com.ar\/sitio\/wp-json\/wp\/v2\/posts\/47297\/revisions"}],"predecessor-version":[{"id":47299,"href":"https:\/\/eldiariodesanpedro.com.ar\/sitio\/wp-json\/wp\/v2\/posts\/47297\/revisions\/47299"}],"wp:featuredmedia":[{"embeddable":true,"href":"https:\/\/eldiariodesanpedro.com.ar\/sitio\/wp-json\/wp\/v2\/media\/47300"}],"wp:attachment":[{"href":"https:\/\/eldiariodesanpedro.com.ar\/sitio\/wp-json\/wp\/v2\/media?parent=47297"}],"wp:term":[{"taxonomy":"category","embeddable":true,"href":"https:\/\/eldiariodesanpedro.com.ar\/sitio\/wp-json\/wp\/v2\/categories?post=47297"},{"taxonomy":"post_tag","embeddable":true,"href":"https:\/\/eldiariodesanpedro.com.ar\/sitio\/wp-json\/wp\/v2\/tags?post=47297"}],"curies":[{"name":"wp","href":"https:\/\/api.w.org\/{rel}","templated":true}]}}