{"id":47291,"date":"2019-02-08T18:42:33","date_gmt":"2019-02-08T21:42:33","guid":{"rendered":"https:\/\/eldiariodesanpedro.com.ar\/sitio\/?p=47291"},"modified":"2019-02-08T18:42:43","modified_gmt":"2019-02-08T21:42:43","slug":"baradero-hoy-comienza-la-final-nacional-del-pre-festival-baradero-2019","status":"publish","type":"post","link":"https:\/\/eldiariodesanpedro.com.ar\/sitio\/baradero-hoy-comienza-la-final-nacional-del-pre-festival-baradero-2019\/","title":{"rendered":"BARADERO: Hoy comienza la Final Nacional del Pre-Festival Baradero 2019"},"content":{"rendered":"<!-- VideographyWP Plugin Message: Automatic video embedding prevented by plugin options. -->\n\n<p>Como antesala del 45\u00b0 Festival Nacional de M\u00fasica Popular Argentina Baradero, se llevar\u00e1 adelante la Final Nacional del Pre-Festival Baradero 2019 donde el talento de cada uno de los artistas se ver\u00e1 plasmado en el prestigioso e imponente escenario del Anfiteatro Municipal. El evento ser\u00e1 viernes 8, s\u00e1bado 9 y domingo 10 de febrero.<\/p>\n\n\n\n<p><strong>Hoy, viernes 8 de febrero, las puertas del Anfiteatro se abrir\u00e1n desde las 19:30 horas<\/strong>; mientras que el s\u00e1bado y el domingo el espect\u00e1culo iniciar\u00e1 a las 20:30 horas.<\/p>\n\n\n\n<p>Las tres noches contar\u00e1 con la actuaci\u00f3n de artistas del pa\u00eds que en etapas regionales y provinciales sobresalieron consiguiendo llegar a la etapa final y buscar\u00e1n la so\u00f1ada se presentarse en el festival m\u00e1s importante de la provincia de Buenos Aires. La entrada es libre y gratuita. \u00a1Los esperamos a todos!<\/p>\n\n\n\n<p><strong>RUBROS POR NOCHE<\/strong><\/p>\n\n\n\n<p><strong>Viernes 8 de febrero<\/strong><\/p>\n\n\n\n<p>Recitador, narrador, decidor<br>Canci\u00f3n in\u00e9dita<br>Solista Instrumental<br>Solista Canto Surero<br>D\u00fao vocal<br>Conjunto Instrumental<br>Conjunto Vocal Folclore Tradicional<\/p>\n\n\n\n<p><strong>S\u00e1bado 9 de febrero<\/strong><\/p>\n\n\n\n<p>Pareja de zamba tradicional<br>Solista vocal femenino de tango<br>Pareja de tango estilizado<br>Solita vocal masculino de folclore<br>Conjunto vocal folclore proyecci\u00f3n<br>Malambo norte\u00f1o<\/p>\n\n\n\n<p><strong>Domingo 10 de febrero<\/strong><\/p>\n\n\n\n<p>Malambo sure\u00f1o<br>Solista vocal femenino de folclore<br>Pareja de zamba estilizada<br>Solista vocal masculino de tango<br>Pareja de tango tradicional<\/p>\n","protected":false},"excerpt":{"rendered":"<p>Como antesala del 45\u00b0 Festival Nacional de M\u00fasica Popular Argentina Baradero, se llevar\u00e1 adelante la Final Nacional del Pre-Festival Baradero 2019 donde el talento de cada uno de los artistas se ver\u00e1 plasmado en el prestigioso e imponente escenario del Anfiteatro Municipal. El evento ser\u00e1 viernes 8, s\u00e1bado 9 y domingo 10 de febrero. Hoy, [&hellip;]<\/p>\n","protected":false},"author":4,"featured_media":47292,"comment_status":"open","ping_status":"closed","sticky":false,"template":"","format":"standard","meta":{"om_disable_all_campaigns":false,"_jetpack_memberships_contains_paid_content":false,"footnotes":""},"categories":[621],"tags":[],"class_list":["post-47291","post","type-post","status-publish","format-standard","has-post-thumbnail","hentry","category-regionales"],"aioseo_notices":[],"gutentor_comment":0,"jetpack_featured_media_url":"https:\/\/eldiariodesanpedro.com.ar\/sitio\/wp-content\/uploads\/2019\/02\/unnamed-6-1.jpg","jetpack_shortlink":"https:\/\/wp.me\/p6RhLt-ciL","jetpack_sharing_enabled":true,"_links":{"self":[{"href":"https:\/\/eldiariodesanpedro.com.ar\/sitio\/wp-json\/wp\/v2\/posts\/47291","targetHints":{"allow":["GET"]}}],"collection":[{"href":"https:\/\/eldiariodesanpedro.com.ar\/sitio\/wp-json\/wp\/v2\/posts"}],"about":[{"href":"https:\/\/eldiariodesanpedro.com.ar\/sitio\/wp-json\/wp\/v2\/types\/post"}],"author":[{"embeddable":true,"href":"https:\/\/eldiariodesanpedro.com.ar\/sitio\/wp-json\/wp\/v2\/users\/4"}],"replies":[{"embeddable":true,"href":"https:\/\/eldiariodesanpedro.com.ar\/sitio\/wp-json\/wp\/v2\/comments?post=47291"}],"version-history":[{"count":1,"href":"https:\/\/eldiariodesanpedro.com.ar\/sitio\/wp-json\/wp\/v2\/posts\/47291\/revisions"}],"predecessor-version":[{"id":47293,"href":"https:\/\/eldiariodesanpedro.com.ar\/sitio\/wp-json\/wp\/v2\/posts\/47291\/revisions\/47293"}],"wp:featuredmedia":[{"embeddable":true,"href":"https:\/\/eldiariodesanpedro.com.ar\/sitio\/wp-json\/wp\/v2\/media\/47292"}],"wp:attachment":[{"href":"https:\/\/eldiariodesanpedro.com.ar\/sitio\/wp-json\/wp\/v2\/media?parent=47291"}],"wp:term":[{"taxonomy":"category","embeddable":true,"href":"https:\/\/eldiariodesanpedro.com.ar\/sitio\/wp-json\/wp\/v2\/categories?post=47291"},{"taxonomy":"post_tag","embeddable":true,"href":"https:\/\/eldiariodesanpedro.com.ar\/sitio\/wp-json\/wp\/v2\/tags?post=47291"}],"curies":[{"name":"wp","href":"https:\/\/api.w.org\/{rel}","templated":true}]}}