{"id":4729,"date":"2016-05-26T18:38:29","date_gmt":"2016-05-26T21:38:29","guid":{"rendered":"https:\/\/eldiariodesanpedro.com.ar\/sitio\/?p=4729"},"modified":"2016-05-26T18:38:29","modified_gmt":"2016-05-26T21:38:29","slug":"conmemoracion-del-25-de-mayo-en-la-clinica-san-martin","status":"publish","type":"post","link":"https:\/\/eldiariodesanpedro.com.ar\/sitio\/conmemoracion-del-25-de-mayo-en-la-clinica-san-martin\/","title":{"rendered":"Conmemoraci\u00f3n del 25 de Mayo en la Cl\u00ednica San Mart\u00edn"},"content":{"rendered":"<p><!-- VideographyWP Plugin Message: Automatic video embedding prevented by plugin options. --><br \/>\nLas trabajadoras de la cl\u00ednica San Mart\u00edn, junto a los gremios y organizaciones que constituyen el Frente Sindical y Social de San Pedro, realizaron el pasado 25 de Mayo un evento con el que no solo continuaron manifest\u00e1ndose por su situaci\u00f3n laboral, sino que tambi\u00e9n vendieron empanadas, guiso de mondongo, torta frita y bebidas para recaudar dinero.<br \/>\nLa propuesta cont\u00f3 con la colaboraci\u00f3n de los sampedrinos que se solidarizaron con la situaci\u00f3n.<br \/>\nEn tanto, tambi\u00e9n se dispuso una radio abierta con la participaci\u00f3n de artistas en vivo.<\/p>\n","protected":false},"excerpt":{"rendered":"<p>Las trabajadoras de la cl\u00ednica San Mart\u00edn, junto a los gremios y organizaciones que constituyen el Frente Sindical y Social de San Pedro, realizaron el pasado 25 de Mayo un evento con el que no solo continuaron manifest\u00e1ndose por su situaci\u00f3n laboral, sino que tambi\u00e9n vendieron empanadas, guiso de mondongo, torta frita y bebidas para [&hellip;]<\/p>\n","protected":false},"author":4,"featured_media":4730,"comment_status":"open","ping_status":"closed","sticky":false,"template":"","format":"standard","meta":{"om_disable_all_campaigns":false,"_jetpack_memberships_contains_paid_content":false,"footnotes":""},"categories":[50,101,2],"tags":[],"class_list":["post-4729","post","type-post","status-publish","format-standard","has-post-thumbnail","hentry","category-destacadas","category-interes-general-locales","category-locales"],"aioseo_notices":[],"gutentor_comment":0,"jetpack_featured_media_url":"https:\/\/eldiariodesanpedro.com.ar\/sitio\/wp-content\/uploads\/2016\/05\/PAGINA-4-13.jpg","jetpack_shortlink":"https:\/\/wp.me\/p6RhLt-1eh","jetpack_sharing_enabled":true,"_links":{"self":[{"href":"https:\/\/eldiariodesanpedro.com.ar\/sitio\/wp-json\/wp\/v2\/posts\/4729","targetHints":{"allow":["GET"]}}],"collection":[{"href":"https:\/\/eldiariodesanpedro.com.ar\/sitio\/wp-json\/wp\/v2\/posts"}],"about":[{"href":"https:\/\/eldiariodesanpedro.com.ar\/sitio\/wp-json\/wp\/v2\/types\/post"}],"author":[{"embeddable":true,"href":"https:\/\/eldiariodesanpedro.com.ar\/sitio\/wp-json\/wp\/v2\/users\/4"}],"replies":[{"embeddable":true,"href":"https:\/\/eldiariodesanpedro.com.ar\/sitio\/wp-json\/wp\/v2\/comments?post=4729"}],"version-history":[{"count":1,"href":"https:\/\/eldiariodesanpedro.com.ar\/sitio\/wp-json\/wp\/v2\/posts\/4729\/revisions"}],"predecessor-version":[{"id":4731,"href":"https:\/\/eldiariodesanpedro.com.ar\/sitio\/wp-json\/wp\/v2\/posts\/4729\/revisions\/4731"}],"wp:featuredmedia":[{"embeddable":true,"href":"https:\/\/eldiariodesanpedro.com.ar\/sitio\/wp-json\/wp\/v2\/media\/4730"}],"wp:attachment":[{"href":"https:\/\/eldiariodesanpedro.com.ar\/sitio\/wp-json\/wp\/v2\/media?parent=4729"}],"wp:term":[{"taxonomy":"category","embeddable":true,"href":"https:\/\/eldiariodesanpedro.com.ar\/sitio\/wp-json\/wp\/v2\/categories?post=4729"},{"taxonomy":"post_tag","embeddable":true,"href":"https:\/\/eldiariodesanpedro.com.ar\/sitio\/wp-json\/wp\/v2\/tags?post=4729"}],"curies":[{"name":"wp","href":"https:\/\/api.w.org\/{rel}","templated":true}]}}