{"id":47287,"date":"2019-02-08T18:11:26","date_gmt":"2019-02-08T21:11:26","guid":{"rendered":"https:\/\/eldiariodesanpedro.com.ar\/sitio\/?p=47287"},"modified":"2019-02-08T18:11:39","modified_gmt":"2019-02-08T21:11:39","slug":"charla-sobre-la-evolucion-de-la-crecida-del-rio-parana","status":"publish","type":"post","link":"https:\/\/eldiariodesanpedro.com.ar\/sitio\/charla-sobre-la-evolucion-de-la-crecida-del-rio-parana\/","title":{"rendered":"Charla sobre la evoluci\u00f3n de la crecida del R\u00edo Paran\u00e1"},"content":{"rendered":"<!-- VideographyWP Plugin Message: Automatic video embedding prevented by plugin options. -->\n\n<p>Ante las condiciones de la cuenca del Rio Paran\u00e1 y con el objetivo de compartir informaci\u00f3n de inter\u00e9s para todos los productores y pobladores de la zona costera se realiz\u00f3 el jueves 7 de febrero una jornada sobre las \u201cPerspectivas Hidrometeorol\u00f3gicas para el Delta\u201d.<\/p>\n\n\n\n<p>La misma fue organizada por la Municipalidad de San Pedro, la Sociedad Rural y la Agencia de Extensi\u00f3n Rural Delta del INTA.&nbsp;&nbsp;La Jornada estuvo a cargo del Ingeniero Juan Bor\u00fas del INA (Instituto Nacional del Agua).&nbsp;&nbsp;<\/p>\n\n\n\n<p>Participaron de la misma el Secretario de Desarrollo Econ\u00f3mico de la Municipalidad Alfredo Camilletti, el Presidente de la Sociedad Rural Ra\u00fal Victores, El director de INTA Delta Dar\u00edo Ceballos y su equipo, productores de de la zona de islas, concejales, referentes municipales de diferentes secretarias y representantes de los clubes N\u00e1utico y Pescadores.&nbsp;&nbsp;<\/p>\n\n\n\n<p>\u201cLos niveles en el r\u00edo Paran\u00e1 en territorio argentino, incluyendo el Delta, evolucionar\u00e1n muy dependientes de la magnitud de las lluvias esperables para el trimestre, pero con una tendencia dominante descendente.\u201d, expres\u00f3 el especialista quien adem\u00e1s brind\u00f3 otros detalles t\u00e9cnicos.<\/p>\n\n\n\n<figure class=\"wp-block-image\"><img decoding=\"async\" width=\"1024\" height=\"403\" data-attachment-id=\"47289\" data-permalink=\"https:\/\/eldiariodesanpedro.com.ar\/sitio\/charla-sobre-la-evolucion-de-la-crecida-del-rio-parana\/charla1-2\/\" data-orig-file=\"https:\/\/eldiariodesanpedro.com.ar\/sitio\/wp-content\/uploads\/2019\/02\/CHARLA1.jpg\" data-orig-size=\"1227,483\" data-comments-opened=\"1\" data-image-meta=\"{&quot;aperture&quot;:&quot;0&quot;,&quot;credit&quot;:&quot;&quot;,&quot;camera&quot;:&quot;&quot;,&quot;caption&quot;:&quot;&quot;,&quot;created_timestamp&quot;:&quot;0&quot;,&quot;copyright&quot;:&quot;&quot;,&quot;focal_length&quot;:&quot;0&quot;,&quot;iso&quot;:&quot;0&quot;,&quot;shutter_speed&quot;:&quot;0&quot;,&quot;title&quot;:&quot;&quot;,&quot;orientation&quot;:&quot;0&quot;}\" data-image-title=\"CHARLA1\" data-image-description=\"\" data-image-caption=\"\" data-large-file=\"https:\/\/eldiariodesanpedro.com.ar\/sitio\/wp-content\/uploads\/2019\/02\/CHARLA1-1024x403.jpg\" data-src=\"https:\/\/eldiariodesanpedro.com.ar\/sitio\/wp-content\/uploads\/2019\/02\/CHARLA1-1024x403.jpg\" alt=\"\" class=\"wp-image-47289 lazyload\" data-srcset=\"https:\/\/eldiariodesanpedro.com.ar\/sitio\/wp-content\/uploads\/2019\/02\/CHARLA1-1024x403.jpg 1024w, https:\/\/eldiariodesanpedro.com.ar\/sitio\/wp-content\/uploads\/2019\/02\/CHARLA1-300x118.jpg 300w, https:\/\/eldiariodesanpedro.com.ar\/sitio\/wp-content\/uploads\/2019\/02\/CHARLA1-768x302.jpg 768w, https:\/\/eldiariodesanpedro.com.ar\/sitio\/wp-content\/uploads\/2019\/02\/CHARLA1.jpg 1227w\" data-sizes=\"(max-width: 1024px) 100vw, 1024px\" src=\"data:image\/svg+xml;base64,PHN2ZyB3aWR0aD0iMSIgaGVpZ2h0PSIxIiB4bWxucz0iaHR0cDovL3d3dy53My5vcmcvMjAwMC9zdmciPjwvc3ZnPg==\" style=\"--smush-placeholder-width: 1024px; --smush-placeholder-aspect-ratio: 1024\/403;\" \/><\/figure>\n\n\n\n<p><\/p>\n","protected":false},"excerpt":{"rendered":"<p>Ante las condiciones de la cuenca del Rio Paran\u00e1 y con el objetivo de compartir informaci\u00f3n de inter\u00e9s para todos los productores y pobladores de la zona costera se realiz\u00f3 el jueves 7 de febrero una jornada sobre las \u201cPerspectivas Hidrometeorol\u00f3gicas para el Delta\u201d. La misma fue organizada por la Municipalidad de San Pedro, la [&hellip;]<\/p>\n","protected":false},"author":4,"featured_media":47288,"comment_status":"open","ping_status":"closed","sticky":false,"template":"","format":"standard","meta":{"om_disable_all_campaigns":false,"_jetpack_memberships_contains_paid_content":false,"footnotes":""},"categories":[101,2],"tags":[],"class_list":["post-47287","post","type-post","status-publish","format-standard","has-post-thumbnail","hentry","category-interes-general-locales","category-locales"],"aioseo_notices":[],"gutentor_comment":0,"jetpack_featured_media_url":"https:\/\/eldiariodesanpedro.com.ar\/sitio\/wp-content\/uploads\/2019\/02\/CHARLA2.jpg","jetpack_shortlink":"https:\/\/wp.me\/p6RhLt-ciH","jetpack_sharing_enabled":true,"_links":{"self":[{"href":"https:\/\/eldiariodesanpedro.com.ar\/sitio\/wp-json\/wp\/v2\/posts\/47287","targetHints":{"allow":["GET"]}}],"collection":[{"href":"https:\/\/eldiariodesanpedro.com.ar\/sitio\/wp-json\/wp\/v2\/posts"}],"about":[{"href":"https:\/\/eldiariodesanpedro.com.ar\/sitio\/wp-json\/wp\/v2\/types\/post"}],"author":[{"embeddable":true,"href":"https:\/\/eldiariodesanpedro.com.ar\/sitio\/wp-json\/wp\/v2\/users\/4"}],"replies":[{"embeddable":true,"href":"https:\/\/eldiariodesanpedro.com.ar\/sitio\/wp-json\/wp\/v2\/comments?post=47287"}],"version-history":[{"count":1,"href":"https:\/\/eldiariodesanpedro.com.ar\/sitio\/wp-json\/wp\/v2\/posts\/47287\/revisions"}],"predecessor-version":[{"id":47290,"href":"https:\/\/eldiariodesanpedro.com.ar\/sitio\/wp-json\/wp\/v2\/posts\/47287\/revisions\/47290"}],"wp:featuredmedia":[{"embeddable":true,"href":"https:\/\/eldiariodesanpedro.com.ar\/sitio\/wp-json\/wp\/v2\/media\/47288"}],"wp:attachment":[{"href":"https:\/\/eldiariodesanpedro.com.ar\/sitio\/wp-json\/wp\/v2\/media?parent=47287"}],"wp:term":[{"taxonomy":"category","embeddable":true,"href":"https:\/\/eldiariodesanpedro.com.ar\/sitio\/wp-json\/wp\/v2\/categories?post=47287"},{"taxonomy":"post_tag","embeddable":true,"href":"https:\/\/eldiariodesanpedro.com.ar\/sitio\/wp-json\/wp\/v2\/tags?post=47287"}],"curies":[{"name":"wp","href":"https:\/\/api.w.org\/{rel}","templated":true}]}}