{"id":47283,"date":"2019-02-08T17:52:45","date_gmt":"2019-02-08T20:52:45","guid":{"rendered":"https:\/\/eldiariodesanpedro.com.ar\/sitio\/?p=47283"},"modified":"2019-02-08T17:52:58","modified_gmt":"2019-02-08T20:52:58","slug":"la-sub-ddi-baradero-san-pedro-tiene-nuevo-titular","status":"publish","type":"post","link":"https:\/\/eldiariodesanpedro.com.ar\/sitio\/la-sub-ddi-baradero-san-pedro-tiene-nuevo-titular\/","title":{"rendered":"La Sub DDI Baradero-San Pedro tiene nuevo titular"},"content":{"rendered":"<!-- VideographyWP Plugin Message: Automatic video embedding prevented by plugin options. -->\n\n<p>\n\nEl Comisario Inspector Alejandro Jos\u00e9 Di Pierro, es el nuevo titular de la Sub DDI Baradero-San Pedro.<\/p>\n\n\n\n<p>\u201dHemos trabajado en la zona a\u00f1os atr\u00e1s desde el \u00e1rea de drogas il\u00edcitas\u00bb sostuvo y agreg\u00f3: \u00abAc\u00e1 estamos, tratando de tener medios para dar una mejor respuesta a la ciudadan\u00eda de Baradero y San Pedro. <\/p>\n\n\n\n<p>Lamentablemente el flagelo del delito est\u00e1 presente, pero tratamos siempre de estar de forma segura y r\u00e1pida ante esta situaci\u00f3n. Ser\u00eda m\u00e1s positivo estar antes de que se consuman los delitos, pero ah\u00ed tenemos que estar presentes y atacar al delito en s\u00ed. Vengo de estar a cargo de la DDI Arrecifes-Capit\u00e1n Sarmiento\u00bb, agreg\u00f3 a su vez.\u00a0<\/p>\n\n\n\n<p>Fuente: <a href=\"http:\/\/tiemponoticias.com.ar\/\">Tiempo Noticias<\/a><\/p>\n","protected":false},"excerpt":{"rendered":"<p>El Comisario Inspector Alejandro Jos\u00e9 Di Pierro, es el nuevo titular de la Sub DDI Baradero-San Pedro. \u201dHemos trabajado en la zona a\u00f1os atr\u00e1s desde el \u00e1rea de drogas il\u00edcitas\u00bb sostuvo y agreg\u00f3: \u00abAc\u00e1 estamos, tratando de tener medios para dar una mejor respuesta a la ciudadan\u00eda de Baradero y San Pedro. Lamentablemente el flagelo [&hellip;]<\/p>\n","protected":false},"author":4,"featured_media":47284,"comment_status":"open","ping_status":"closed","sticky":false,"template":"","format":"standard","meta":{"om_disable_all_campaigns":false,"_jetpack_memberships_contains_paid_content":false,"footnotes":""},"categories":[101,2],"tags":[],"class_list":["post-47283","post","type-post","status-publish","format-standard","has-post-thumbnail","hentry","category-interes-general-locales","category-locales"],"aioseo_notices":[],"gutentor_comment":0,"jetpack_featured_media_url":"https:\/\/eldiariodesanpedro.com.ar\/sitio\/wp-content\/uploads\/2019\/02\/whatsapp-image-2019-02-06-at-10.36.58.jpeg","jetpack_shortlink":"https:\/\/wp.me\/p6RhLt-ciD","jetpack_sharing_enabled":true,"_links":{"self":[{"href":"https:\/\/eldiariodesanpedro.com.ar\/sitio\/wp-json\/wp\/v2\/posts\/47283","targetHints":{"allow":["GET"]}}],"collection":[{"href":"https:\/\/eldiariodesanpedro.com.ar\/sitio\/wp-json\/wp\/v2\/posts"}],"about":[{"href":"https:\/\/eldiariodesanpedro.com.ar\/sitio\/wp-json\/wp\/v2\/types\/post"}],"author":[{"embeddable":true,"href":"https:\/\/eldiariodesanpedro.com.ar\/sitio\/wp-json\/wp\/v2\/users\/4"}],"replies":[{"embeddable":true,"href":"https:\/\/eldiariodesanpedro.com.ar\/sitio\/wp-json\/wp\/v2\/comments?post=47283"}],"version-history":[{"count":1,"href":"https:\/\/eldiariodesanpedro.com.ar\/sitio\/wp-json\/wp\/v2\/posts\/47283\/revisions"}],"predecessor-version":[{"id":47285,"href":"https:\/\/eldiariodesanpedro.com.ar\/sitio\/wp-json\/wp\/v2\/posts\/47283\/revisions\/47285"}],"wp:featuredmedia":[{"embeddable":true,"href":"https:\/\/eldiariodesanpedro.com.ar\/sitio\/wp-json\/wp\/v2\/media\/47284"}],"wp:attachment":[{"href":"https:\/\/eldiariodesanpedro.com.ar\/sitio\/wp-json\/wp\/v2\/media?parent=47283"}],"wp:term":[{"taxonomy":"category","embeddable":true,"href":"https:\/\/eldiariodesanpedro.com.ar\/sitio\/wp-json\/wp\/v2\/categories?post=47283"},{"taxonomy":"post_tag","embeddable":true,"href":"https:\/\/eldiariodesanpedro.com.ar\/sitio\/wp-json\/wp\/v2\/tags?post=47283"}],"curies":[{"name":"wp","href":"https:\/\/api.w.org\/{rel}","templated":true}]}}