{"id":47280,"date":"2019-02-08T17:48:29","date_gmt":"2019-02-08T20:48:29","guid":{"rendered":"https:\/\/eldiariodesanpedro.com.ar\/sitio\/?p=47280"},"modified":"2019-02-08T17:48:38","modified_gmt":"2019-02-08T20:48:38","slug":"baradero-encontraron-ahogado-a-un-nino-que-se-escapo-de-apand","status":"publish","type":"post","link":"https:\/\/eldiariodesanpedro.com.ar\/sitio\/baradero-encontraron-ahogado-a-un-nino-que-se-escapo-de-apand\/","title":{"rendered":"BARADERO: Encontraron ahogado a un ni\u00f1o que se escap\u00f3 de APAND"},"content":{"rendered":"<!-- VideographyWP Plugin Message: Automatic video embedding prevented by plugin options. -->\n\n<p>\n\nDesde la polic\u00eda local confirmaron que el cuerpo, que se hab\u00eda encontrado a la altura del r\u00edo Baradero y la boca con el r\u00edo Arrecifes, es el de Hern\u00e1n.<\/p>\n\n\n\n<p>El joven hab\u00eda desaparecido en la tarde del d\u00eda lunes cuando se escap\u00f3 del contingente de compa\u00f1eros y cuidadoras de APAND, luego de una jornada de recreaci\u00f3n en el camping Luz y Fuerza.<\/p>\n\n\n\n<p>Bomberos Voluntarios y Prefectura participaron en la extracci\u00f3n del cuerpo de las aguas.<\/p>\n\n\n\n<p>Luego ser\u00e1 trasladado a la morgue de San Pedro para la autopsia que determine las causales de la muerte.<\/p>\n\n\n\n<p>Autoridades del hogar APAND presentes en el lugar reconocieron\u00a0 el cuerpo de Hern\u00e1n.<\/p>\n\n\n\n<p>Fuente: <a href=\"https:\/\/www.baraderoteinforma.com.ar\/\">Baradero Te Informa<\/a><\/p>\n","protected":false},"excerpt":{"rendered":"<p>Desde la polic\u00eda local confirmaron que el cuerpo, que se hab\u00eda encontrado a la altura del r\u00edo Baradero y la boca con el r\u00edo Arrecifes, es el de Hern\u00e1n. El joven hab\u00eda desaparecido en la tarde del d\u00eda lunes cuando se escap\u00f3 del contingente de compa\u00f1eros y cuidadoras de APAND, luego de una jornada de [&hellip;]<\/p>\n","protected":false},"author":4,"featured_media":47281,"comment_status":"open","ping_status":"closed","sticky":false,"template":"","format":"standard","meta":{"om_disable_all_campaigns":false,"_jetpack_memberships_contains_paid_content":false,"footnotes":""},"categories":[621],"tags":[],"class_list":["post-47280","post","type-post","status-publish","format-standard","has-post-thumbnail","hentry","category-regionales"],"aioseo_notices":[],"gutentor_comment":0,"jetpack_featured_media_url":"https:\/\/eldiariodesanpedro.com.ar\/sitio\/wp-content\/uploads\/2019\/02\/51592129_2199902343405299_3869958721324974080_n-3-1.jpg","jetpack_shortlink":"https:\/\/wp.me\/p6RhLt-ciA","jetpack_sharing_enabled":true,"_links":{"self":[{"href":"https:\/\/eldiariodesanpedro.com.ar\/sitio\/wp-json\/wp\/v2\/posts\/47280","targetHints":{"allow":["GET"]}}],"collection":[{"href":"https:\/\/eldiariodesanpedro.com.ar\/sitio\/wp-json\/wp\/v2\/posts"}],"about":[{"href":"https:\/\/eldiariodesanpedro.com.ar\/sitio\/wp-json\/wp\/v2\/types\/post"}],"author":[{"embeddable":true,"href":"https:\/\/eldiariodesanpedro.com.ar\/sitio\/wp-json\/wp\/v2\/users\/4"}],"replies":[{"embeddable":true,"href":"https:\/\/eldiariodesanpedro.com.ar\/sitio\/wp-json\/wp\/v2\/comments?post=47280"}],"version-history":[{"count":1,"href":"https:\/\/eldiariodesanpedro.com.ar\/sitio\/wp-json\/wp\/v2\/posts\/47280\/revisions"}],"predecessor-version":[{"id":47282,"href":"https:\/\/eldiariodesanpedro.com.ar\/sitio\/wp-json\/wp\/v2\/posts\/47280\/revisions\/47282"}],"wp:featuredmedia":[{"embeddable":true,"href":"https:\/\/eldiariodesanpedro.com.ar\/sitio\/wp-json\/wp\/v2\/media\/47281"}],"wp:attachment":[{"href":"https:\/\/eldiariodesanpedro.com.ar\/sitio\/wp-json\/wp\/v2\/media?parent=47280"}],"wp:term":[{"taxonomy":"category","embeddable":true,"href":"https:\/\/eldiariodesanpedro.com.ar\/sitio\/wp-json\/wp\/v2\/categories?post=47280"},{"taxonomy":"post_tag","embeddable":true,"href":"https:\/\/eldiariodesanpedro.com.ar\/sitio\/wp-json\/wp\/v2\/tags?post=47280"}],"curies":[{"name":"wp","href":"https:\/\/api.w.org\/{rel}","templated":true}]}}