{"id":47276,"date":"2019-02-08T17:43:51","date_gmt":"2019-02-08T20:43:51","guid":{"rendered":"https:\/\/eldiariodesanpedro.com.ar\/sitio\/?p=47276"},"modified":"2019-02-08T17:44:03","modified_gmt":"2019-02-08T20:44:03","slug":"el-intendente-firmo-el-convenio-para-el-traspaso-de-la-policia-distrital-a-la-comunal","status":"publish","type":"post","link":"https:\/\/eldiariodesanpedro.com.ar\/sitio\/el-intendente-firmo-el-convenio-para-el-traspaso-de-la-policia-distrital-a-la-comunal\/","title":{"rendered":"El intendente firm\u00f3 el convenio para el traspaso de la Polic\u00eda Distrital a la Comunal"},"content":{"rendered":"<!-- VideographyWP Plugin Message: Automatic video embedding prevented by plugin options. -->\n\n<p>El Intendente firm\u00f3 este jueves en la Direcci\u00f3n Provincial de Polic\u00eda Comunal el convenio que formaliza el traspaso de la estructura de la Polic\u00eda Distrital a la Polic\u00eda Comunal, como viene ocurriendo en diferentes distritos bonaerenses.<\/p>\n\n\n\n<p>Para hacerlo fue recibido por la titular del \u00e1rea Cecilia Santa Cruz, ante quien dej\u00f3&nbsp;suscriptos los documentos que posteriormente firmar\u00e1 el Ministro de Seguridad de la Provincia, Cristian Ritondo.&nbsp;<br>La Direcci\u00f3n Provincial de Polic\u00eda Comunal y Prevenci\u00f3n Local, es parte de la Subsecretar\u00eda de Planificaci\u00f3n, Gesti\u00f3n y Evaluaci\u00f3n del Ministerio de Seguridad, y tiene a su cargo el seguimiento de los convenios que cada municipio ha ido suscribiendo en este \u00faltimo tiempo a partir de la decisi\u00f3n del gobierno provincial de efectuar los traspasos de los efectivos de las polic\u00edas distritales a la polic\u00eda de la Provincia de Buenos Aires.<\/p>\n\n\n\n<p>En el convenio se detallan las obligaciones de las partes en este proceso de descentralizaci\u00f3n de las Polic\u00edas de Seguridad de la Provincia de Buenos Aires, tendiente al mejoramiento de la polic\u00eda de proximidad.<\/p>\n\n\n\n<p>Las obligaciones que se distribuyen los gobiernos de provincia y municipio destacan el env\u00edo mensual de una partida de dinero para la operatividad de la fuerza que es administrada desde el municipio.&nbsp;<br>El m\u00e1ximo responsable sigue siendo el gobierno provincial pero con la vigencia de la Ley de Polic\u00eda Comunal se habilitan facultades a los municipios que les dan mayor participaci\u00f3n en la toma de decisiones, en la planificaci\u00f3n de operativos y en el trabajo cotidiano articulando tambi\u00e9n con las \u00e1reas de seguridad y control de la Municipalidad.\n\n<\/p>\n","protected":false},"excerpt":{"rendered":"<p>El Intendente firm\u00f3 este jueves en la Direcci\u00f3n Provincial de Polic\u00eda Comunal el convenio que formaliza el traspaso de la estructura de la Polic\u00eda Distrital a la Polic\u00eda Comunal, como viene ocurriendo en diferentes distritos bonaerenses. Para hacerlo fue recibido por la titular del \u00e1rea Cecilia Santa Cruz, ante quien dej\u00f3&nbsp;suscriptos los documentos que posteriormente [&hellip;]<\/p>\n","protected":false},"author":4,"featured_media":47277,"comment_status":"open","ping_status":"closed","sticky":false,"template":"","format":"standard","meta":{"om_disable_all_campaigns":false,"_jetpack_memberships_contains_paid_content":false,"footnotes":""},"categories":[50,101,2],"tags":[],"class_list":["post-47276","post","type-post","status-publish","format-standard","has-post-thumbnail","hentry","category-destacadas","category-interes-general-locales","category-locales"],"aioseo_notices":[],"gutentor_comment":0,"jetpack_featured_media_url":"https:\/\/eldiariodesanpedro.com.ar\/sitio\/wp-content\/uploads\/2019\/02\/080219-Policia-Comunal.jpg","jetpack_shortlink":"https:\/\/wp.me\/p6RhLt-ciw","jetpack_sharing_enabled":true,"_links":{"self":[{"href":"https:\/\/eldiariodesanpedro.com.ar\/sitio\/wp-json\/wp\/v2\/posts\/47276","targetHints":{"allow":["GET"]}}],"collection":[{"href":"https:\/\/eldiariodesanpedro.com.ar\/sitio\/wp-json\/wp\/v2\/posts"}],"about":[{"href":"https:\/\/eldiariodesanpedro.com.ar\/sitio\/wp-json\/wp\/v2\/types\/post"}],"author":[{"embeddable":true,"href":"https:\/\/eldiariodesanpedro.com.ar\/sitio\/wp-json\/wp\/v2\/users\/4"}],"replies":[{"embeddable":true,"href":"https:\/\/eldiariodesanpedro.com.ar\/sitio\/wp-json\/wp\/v2\/comments?post=47276"}],"version-history":[{"count":1,"href":"https:\/\/eldiariodesanpedro.com.ar\/sitio\/wp-json\/wp\/v2\/posts\/47276\/revisions"}],"predecessor-version":[{"id":47278,"href":"https:\/\/eldiariodesanpedro.com.ar\/sitio\/wp-json\/wp\/v2\/posts\/47276\/revisions\/47278"}],"wp:featuredmedia":[{"embeddable":true,"href":"https:\/\/eldiariodesanpedro.com.ar\/sitio\/wp-json\/wp\/v2\/media\/47277"}],"wp:attachment":[{"href":"https:\/\/eldiariodesanpedro.com.ar\/sitio\/wp-json\/wp\/v2\/media?parent=47276"}],"wp:term":[{"taxonomy":"category","embeddable":true,"href":"https:\/\/eldiariodesanpedro.com.ar\/sitio\/wp-json\/wp\/v2\/categories?post=47276"},{"taxonomy":"post_tag","embeddable":true,"href":"https:\/\/eldiariodesanpedro.com.ar\/sitio\/wp-json\/wp\/v2\/tags?post=47276"}],"curies":[{"name":"wp","href":"https:\/\/api.w.org\/{rel}","templated":true}]}}