{"id":47271,"date":"2019-02-08T10:30:09","date_gmt":"2019-02-08T13:30:09","guid":{"rendered":"https:\/\/eldiariodesanpedro.com.ar\/sitio\/?p=47271"},"modified":"2019-02-08T10:31:21","modified_gmt":"2019-02-08T13:31:21","slug":"rige-la-ordenanza-para-denuncias-y-multas-por-ruidos-molestos","status":"publish","type":"post","link":"https:\/\/eldiariodesanpedro.com.ar\/sitio\/rige-la-ordenanza-para-denuncias-y-multas-por-ruidos-molestos\/","title":{"rendered":"Rige la ordenanza para denuncias y multas por ruidos molestos"},"content":{"rendered":"<!-- VideographyWP Plugin Message: Automatic video embedding prevented by plugin options. -->\n\n<p>\n\nSe le podr\u00e1 aplicar multas de hasta 10.000 pesos a quienes est\u00e9n en infracci\u00f3n. En caso de reincidir el valor se duplicar\u00e1.&nbsp;\n\n<\/p>\n\n\n\n<p>Con la firma del Intendente Municipal qued\u00f3\u00a0promulgada la Ordenanza 6773\/19 sancionada por el Honorable Concejo Deliberante para controlar y\/o sancionar las perturbaciones sonoras en el Partido de San Pedro.<\/p>\n\n\n\n<p>Entre los considerandos de la misma se destaca el incremento de situaciones conflictivas provenientes no s\u00f3lo de establecimientos habilitados sino tambi\u00e9n de viviendas particulares que provocan trastornos a otros vecinos.<\/p>\n\n\n\n<p>Para intervenir ante sonidos o vibraciones de este tipo se establece como autoridad de aplicaci\u00f3n la Secretar\u00eda de Seguridad Municipal que dispone del n\u00famero 437607, atendido durante las 24 horas.<br>Las sanciones correspondientes son aplicadas por el Juzgado de Faltas.<br>El m\u00e1ximo nivel permitido es de 60 decibeles y las mediciones son realizadas con un dispositivo calibrado para tal fin.<\/p>\n\n\n\n<p>Las infracciones previstas van desde 1 a 3 UF (salario de personal municipal categor\u00eda 1) estimado en 10 mil pesos, duplic\u00e1ndose en cada reincidencia.<\/p>\n\n\n\n<figure class=\"wp-block-image\"><img decoding=\"async\" width=\"1280\" height=\"1262\" data-attachment-id=\"47274\" data-permalink=\"https:\/\/eldiariodesanpedro.com.ar\/sitio\/rige-la-ordenanza-para-denuncias-y-multas-por-ruidos-molestos\/whatsapp-image-2019-02-07-at-19-23-43\/\" data-orig-file=\"https:\/\/eldiariodesanpedro.com.ar\/sitio\/wp-content\/uploads\/2019\/02\/WhatsApp-Image-2019-02-07-at-19.23.43.jpeg\" data-orig-size=\"1280,1262\" data-comments-opened=\"1\" data-image-meta=\"{&quot;aperture&quot;:&quot;0&quot;,&quot;credit&quot;:&quot;&quot;,&quot;camera&quot;:&quot;&quot;,&quot;caption&quot;:&quot;&quot;,&quot;created_timestamp&quot;:&quot;0&quot;,&quot;copyright&quot;:&quot;&quot;,&quot;focal_length&quot;:&quot;0&quot;,&quot;iso&quot;:&quot;0&quot;,&quot;shutter_speed&quot;:&quot;0&quot;,&quot;title&quot;:&quot;&quot;,&quot;orientation&quot;:&quot;0&quot;}\" data-image-title=\"WhatsApp Image 2019-02-07 at 19.23.43\" data-image-description=\"\" data-image-caption=\"\" data-large-file=\"https:\/\/eldiariodesanpedro.com.ar\/sitio\/wp-content\/uploads\/2019\/02\/WhatsApp-Image-2019-02-07-at-19.23.43-1024x1010.jpeg\" data-src=\"https:\/\/i2.wp.com\/eldiariodesanpedro.com.ar\/sitio\/wp-content\/uploads\/2019\/02\/WhatsApp-Image-2019-02-07-at-19.23.43.jpeg?fit=660%2C651\" alt=\"\" class=\"wp-image-47274 lazyload\" data-srcset=\"https:\/\/eldiariodesanpedro.com.ar\/sitio\/wp-content\/uploads\/2019\/02\/WhatsApp-Image-2019-02-07-at-19.23.43.jpeg 1280w, https:\/\/eldiariodesanpedro.com.ar\/sitio\/wp-content\/uploads\/2019\/02\/WhatsApp-Image-2019-02-07-at-19.23.43-300x296.jpeg 300w, https:\/\/eldiariodesanpedro.com.ar\/sitio\/wp-content\/uploads\/2019\/02\/WhatsApp-Image-2019-02-07-at-19.23.43-768x757.jpeg 768w, https:\/\/eldiariodesanpedro.com.ar\/sitio\/wp-content\/uploads\/2019\/02\/WhatsApp-Image-2019-02-07-at-19.23.43-1024x1010.jpeg 1024w\" data-sizes=\"(max-width: 1280px) 100vw, 1280px\" src=\"data:image\/svg+xml;base64,PHN2ZyB3aWR0aD0iMSIgaGVpZ2h0PSIxIiB4bWxucz0iaHR0cDovL3d3dy53My5vcmcvMjAwMC9zdmciPjwvc3ZnPg==\" style=\"--smush-placeholder-width: 1280px; --smush-placeholder-aspect-ratio: 1280\/1262;\" \/><\/figure>\n","protected":false},"excerpt":{"rendered":"<p>Se le podr\u00e1 aplicar multas de hasta 10.000 pesos a quienes est\u00e9n en infracci\u00f3n. En caso de reincidir el valor se duplicar\u00e1.&nbsp; Con la firma del Intendente Municipal qued\u00f3\u00a0promulgada la Ordenanza 6773\/19 sancionada por el Honorable Concejo Deliberante para controlar y\/o sancionar las perturbaciones sonoras en el Partido de San Pedro. Entre los considerandos de [&hellip;]<\/p>\n","protected":false},"author":4,"featured_media":47272,"comment_status":"open","ping_status":"closed","sticky":false,"template":"","format":"standard","meta":{"om_disable_all_campaigns":false,"_jetpack_memberships_contains_paid_content":false,"footnotes":""},"categories":[101,2],"tags":[],"class_list":["post-47271","post","type-post","status-publish","format-standard","has-post-thumbnail","hentry","category-interes-general-locales","category-locales"],"aioseo_notices":[],"gutentor_comment":0,"jetpack_featured_media_url":"https:\/\/eldiariodesanpedro.com.ar\/sitio\/wp-content\/uploads\/2019\/02\/310118ciudad1.jpg","jetpack_shortlink":"https:\/\/wp.me\/p6RhLt-cir","jetpack_sharing_enabled":true,"_links":{"self":[{"href":"https:\/\/eldiariodesanpedro.com.ar\/sitio\/wp-json\/wp\/v2\/posts\/47271","targetHints":{"allow":["GET"]}}],"collection":[{"href":"https:\/\/eldiariodesanpedro.com.ar\/sitio\/wp-json\/wp\/v2\/posts"}],"about":[{"href":"https:\/\/eldiariodesanpedro.com.ar\/sitio\/wp-json\/wp\/v2\/types\/post"}],"author":[{"embeddable":true,"href":"https:\/\/eldiariodesanpedro.com.ar\/sitio\/wp-json\/wp\/v2\/users\/4"}],"replies":[{"embeddable":true,"href":"https:\/\/eldiariodesanpedro.com.ar\/sitio\/wp-json\/wp\/v2\/comments?post=47271"}],"version-history":[{"count":2,"href":"https:\/\/eldiariodesanpedro.com.ar\/sitio\/wp-json\/wp\/v2\/posts\/47271\/revisions"}],"predecessor-version":[{"id":47275,"href":"https:\/\/eldiariodesanpedro.com.ar\/sitio\/wp-json\/wp\/v2\/posts\/47271\/revisions\/47275"}],"wp:featuredmedia":[{"embeddable":true,"href":"https:\/\/eldiariodesanpedro.com.ar\/sitio\/wp-json\/wp\/v2\/media\/47272"}],"wp:attachment":[{"href":"https:\/\/eldiariodesanpedro.com.ar\/sitio\/wp-json\/wp\/v2\/media?parent=47271"}],"wp:term":[{"taxonomy":"category","embeddable":true,"href":"https:\/\/eldiariodesanpedro.com.ar\/sitio\/wp-json\/wp\/v2\/categories?post=47271"},{"taxonomy":"post_tag","embeddable":true,"href":"https:\/\/eldiariodesanpedro.com.ar\/sitio\/wp-json\/wp\/v2\/tags?post=47271"}],"curies":[{"name":"wp","href":"https:\/\/api.w.org\/{rel}","templated":true}]}}