{"id":4726,"date":"2016-05-26T18:37:46","date_gmt":"2016-05-26T21:37:46","guid":{"rendered":"https:\/\/eldiariodesanpedro.com.ar\/sitio\/?p=4726"},"modified":"2016-05-26T18:37:46","modified_gmt":"2016-05-26T21:37:46","slug":"salazar-descarto-la-conformacion-de-una-lista-para-competir-en-las-elecciones-de-la-coopser","status":"publish","type":"post","link":"https:\/\/eldiariodesanpedro.com.ar\/sitio\/salazar-descarto-la-conformacion-de-una-lista-para-competir-en-las-elecciones-de-la-coopser\/","title":{"rendered":"Salazar descart\u00f3 la conformaci\u00f3n de una lista para competir en las elecciones de la Coopser"},"content":{"rendered":"<p><!-- VideographyWP Plugin Message: Automatic video embedding prevented by plugin options. --><br \/>\nTras conocerse p\u00fablicamente las intenciones por parte del municipio de alquilar a la Cl\u00ednica San Mart\u00edn sus habitaciones para internaci\u00f3n, el intendente Salazar se encarg\u00f3 de explicar los alcances de dicha iniciativa.<br \/>\nEn principio, se mostr\u00f3 molesto ante los rumores de que habr\u00eda alguna voluntad de conformar una lista con \u201callegados\u201d a la gesti\u00f3n para competir en las elecciones de la Cooperativa El\u00e9ctrica. Esto fue desestimado: \u201cNo pasa por mi mente formar ning\u00fan tipo de lista. Si alguno piensa hacer eso, se tendr\u00e1 que ir de presidente de la Coopser, no tendr\u00e1 lugar en el Ejecutivo municipal\u201d, asever\u00f3 Salazar.<br \/>\nEn tanto que a\u00f1adi\u00f3: \u201cHay una preocupaci\u00f3n por la salud p\u00fablica, esta es la realidad. el Hospital est\u00e1 casi saturado. Por ejemplo, si alguien sufre hoy un ACV, no tenemos lugar para tenerlo, tenemos que derivarlo. Es decir, se pierden 24 camas de la Cl\u00ednica San Mart\u00edn. La idea es que mientras la Coopser y la Cl\u00ednica San Mart\u00edn esos tres meses, nosotros pudi\u00e9ramos gestionar, teniendo en cuenta que los meses de invierno son los m\u00e1s complicados en materia de salud, sobre todo de ancianos y ni\u00f1os\u201d.<br \/>\nY por \u00faltimo el mandatario asegur\u00f3: \u201cNo est\u00e1 en condiciones el municipio de hacerse cargo de una deuda privada. Si no tendr\u00edamos que hacernos cargo de todas las entidades privadas que vengan con un problema econ\u00f3mico\u201d.<\/p>\n","protected":false},"excerpt":{"rendered":"<p>Tras conocerse p\u00fablicamente las intenciones por parte del municipio de alquilar a la Cl\u00ednica San Mart\u00edn sus habitaciones para internaci\u00f3n, el intendente Salazar se encarg\u00f3 de explicar los alcances de dicha iniciativa. En principio, se mostr\u00f3 molesto ante los rumores de que habr\u00eda alguna voluntad de conformar una lista con \u201callegados\u201d a la gesti\u00f3n para [&hellip;]<\/p>\n","protected":false},"author":4,"featured_media":4727,"comment_status":"open","ping_status":"closed","sticky":false,"template":"","format":"standard","meta":{"om_disable_all_campaigns":false,"_jetpack_memberships_contains_paid_content":false,"footnotes":""},"categories":[50,2,102],"tags":[],"class_list":["post-4726","post","type-post","status-publish","format-standard","has-post-thumbnail","hentry","category-destacadas","category-locales","category-politica-locales"],"aioseo_notices":[],"gutentor_comment":0,"jetpack_featured_media_url":"https:\/\/eldiariodesanpedro.com.ar\/sitio\/wp-content\/uploads\/2016\/05\/salazar.jpg","jetpack_shortlink":"https:\/\/wp.me\/p6RhLt-1ee","jetpack_sharing_enabled":true,"_links":{"self":[{"href":"https:\/\/eldiariodesanpedro.com.ar\/sitio\/wp-json\/wp\/v2\/posts\/4726","targetHints":{"allow":["GET"]}}],"collection":[{"href":"https:\/\/eldiariodesanpedro.com.ar\/sitio\/wp-json\/wp\/v2\/posts"}],"about":[{"href":"https:\/\/eldiariodesanpedro.com.ar\/sitio\/wp-json\/wp\/v2\/types\/post"}],"author":[{"embeddable":true,"href":"https:\/\/eldiariodesanpedro.com.ar\/sitio\/wp-json\/wp\/v2\/users\/4"}],"replies":[{"embeddable":true,"href":"https:\/\/eldiariodesanpedro.com.ar\/sitio\/wp-json\/wp\/v2\/comments?post=4726"}],"version-history":[{"count":1,"href":"https:\/\/eldiariodesanpedro.com.ar\/sitio\/wp-json\/wp\/v2\/posts\/4726\/revisions"}],"predecessor-version":[{"id":4728,"href":"https:\/\/eldiariodesanpedro.com.ar\/sitio\/wp-json\/wp\/v2\/posts\/4726\/revisions\/4728"}],"wp:featuredmedia":[{"embeddable":true,"href":"https:\/\/eldiariodesanpedro.com.ar\/sitio\/wp-json\/wp\/v2\/media\/4727"}],"wp:attachment":[{"href":"https:\/\/eldiariodesanpedro.com.ar\/sitio\/wp-json\/wp\/v2\/media?parent=4726"}],"wp:term":[{"taxonomy":"category","embeddable":true,"href":"https:\/\/eldiariodesanpedro.com.ar\/sitio\/wp-json\/wp\/v2\/categories?post=4726"},{"taxonomy":"post_tag","embeddable":true,"href":"https:\/\/eldiariodesanpedro.com.ar\/sitio\/wp-json\/wp\/v2\/tags?post=4726"}],"curies":[{"name":"wp","href":"https:\/\/api.w.org\/{rel}","templated":true}]}}