{"id":47257,"date":"2019-02-08T10:02:04","date_gmt":"2019-02-08T13:02:04","guid":{"rendered":"https:\/\/eldiariodesanpedro.com.ar\/sitio\/?p=47257"},"modified":"2019-02-08T10:02:12","modified_gmt":"2019-02-08T13:02:12","slug":"provincia-la-provincia-convoco-a-paritarias-docentes-para-el-13-de-febrero","status":"publish","type":"post","link":"https:\/\/eldiariodesanpedro.com.ar\/sitio\/provincia-la-provincia-convoco-a-paritarias-docentes-para-el-13-de-febrero\/","title":{"rendered":"PROVINCIA: La provincia convoc\u00f3 a paritarias docentes para el 13 de Febrero"},"content":{"rendered":"<!-- VideographyWP Plugin Message: Automatic video embedding prevented by plugin options. -->\n\n<p>La gobernadora bonaerense, Mar\u00eda Eugenia Vidal, convoc\u00f3 este jueves a los gremios docentes a una nueva reuni\u00f3n paritaria para el pr\u00f3ximo mi\u00e9rcoles 13 de febrero a las 17.30.<\/p>\n\n\n\n<p>El encuentro de la semana pr\u00f3xima, confirmado por fuentes gubernamentales y sindicales, ser\u00e1 en la sede del ministerio de Econom\u00eda bonaerense, en la ciudad de La Plata.<\/p>\n\n\n\n<p>La reuni\u00f3n ser\u00e1 la primera del a\u00f1o entre docentes y gobierno, ya que la \u00faltima reuni\u00f3n fue el 28 de noviembre.<\/p>\n\n\n\n<p>All\u00ed no hubo acuerdo, por lo que el gobierno otorg\u00f3 un aumento del 32% m\u00e1s un bono de $ 7.000 de manera unilateral.<\/p>\n\n\n\n<p>La convocatoria, confirmada este mediod\u00eda por fuentes del ministerio de Trabajo y del Frente de Unidad Docente Bonaerense (FUDB) se da luego de que la semana pasada el gremio docente enviara una carta documento solicitando \u00abel urgente llamado\u00bb para las negociaciones al titular de la cartera en la provincia, Marcelo Villegas.<\/p>\n\n\n\n<p>Tras ese pedido, desde el gobierno se respondi\u00f3 que la convocatoria ser\u00eda durante febrero y hoy se concret\u00f3 en un llamado formal a los dirigentes docentes, para participar de un encuentro en el que ambas partes intentar\u00e1n llegar a un acuerdo y destrabar un conflicto que no se cerr\u00f3 en 2018.\n\n<\/p>\n","protected":false},"excerpt":{"rendered":"<p>La gobernadora bonaerense, Mar\u00eda Eugenia Vidal, convoc\u00f3 este jueves a los gremios docentes a una nueva reuni\u00f3n paritaria para el pr\u00f3ximo mi\u00e9rcoles 13 de febrero a las 17.30. El encuentro de la semana pr\u00f3xima, confirmado por fuentes gubernamentales y sindicales, ser\u00e1 en la sede del ministerio de Econom\u00eda bonaerense, en la ciudad de La Plata. [&hellip;]<\/p>\n","protected":false},"author":4,"featured_media":47258,"comment_status":"open","ping_status":"closed","sticky":false,"template":"","format":"standard","meta":{"om_disable_all_campaigns":false,"_jetpack_memberships_contains_paid_content":false,"footnotes":""},"categories":[621],"tags":[],"class_list":["post-47257","post","type-post","status-publish","format-standard","has-post-thumbnail","hentry","category-regionales"],"aioseo_notices":[],"gutentor_comment":0,"jetpack_featured_media_url":"https:\/\/eldiariodesanpedro.com.ar\/sitio\/wp-content\/uploads\/2019\/02\/no_7wu0z33h86bqjjjdo.jpg","jetpack_shortlink":"https:\/\/wp.me\/p6RhLt-cid","jetpack_sharing_enabled":true,"_links":{"self":[{"href":"https:\/\/eldiariodesanpedro.com.ar\/sitio\/wp-json\/wp\/v2\/posts\/47257","targetHints":{"allow":["GET"]}}],"collection":[{"href":"https:\/\/eldiariodesanpedro.com.ar\/sitio\/wp-json\/wp\/v2\/posts"}],"about":[{"href":"https:\/\/eldiariodesanpedro.com.ar\/sitio\/wp-json\/wp\/v2\/types\/post"}],"author":[{"embeddable":true,"href":"https:\/\/eldiariodesanpedro.com.ar\/sitio\/wp-json\/wp\/v2\/users\/4"}],"replies":[{"embeddable":true,"href":"https:\/\/eldiariodesanpedro.com.ar\/sitio\/wp-json\/wp\/v2\/comments?post=47257"}],"version-history":[{"count":1,"href":"https:\/\/eldiariodesanpedro.com.ar\/sitio\/wp-json\/wp\/v2\/posts\/47257\/revisions"}],"predecessor-version":[{"id":47259,"href":"https:\/\/eldiariodesanpedro.com.ar\/sitio\/wp-json\/wp\/v2\/posts\/47257\/revisions\/47259"}],"wp:featuredmedia":[{"embeddable":true,"href":"https:\/\/eldiariodesanpedro.com.ar\/sitio\/wp-json\/wp\/v2\/media\/47258"}],"wp:attachment":[{"href":"https:\/\/eldiariodesanpedro.com.ar\/sitio\/wp-json\/wp\/v2\/media?parent=47257"}],"wp:term":[{"taxonomy":"category","embeddable":true,"href":"https:\/\/eldiariodesanpedro.com.ar\/sitio\/wp-json\/wp\/v2\/categories?post=47257"},{"taxonomy":"post_tag","embeddable":true,"href":"https:\/\/eldiariodesanpedro.com.ar\/sitio\/wp-json\/wp\/v2\/tags?post=47257"}],"curies":[{"name":"wp","href":"https:\/\/api.w.org\/{rel}","templated":true}]}}