{"id":47254,"date":"2019-02-08T09:58:57","date_gmt":"2019-02-08T12:58:57","guid":{"rendered":"https:\/\/eldiariodesanpedro.com.ar\/sitio\/?p=47254"},"modified":"2019-02-08T09:59:07","modified_gmt":"2019-02-08T12:59:07","slug":"san-nicolas-voraz-incendio-destruyo-una-vivienda","status":"publish","type":"post","link":"https:\/\/eldiariodesanpedro.com.ar\/sitio\/san-nicolas-voraz-incendio-destruyo-una-vivienda\/","title":{"rendered":"SAN NICOL\u00c1S: Voraz incendio destruy\u00f3 una vivienda"},"content":{"rendered":"<!-- VideographyWP Plugin Message: Automatic video embedding prevented by plugin options. -->\n\n<p>\n\nEl siniestro ocurri\u00f3 en la ma\u00f1ana de este jueves en una vivienda ubicada en calle San Lorenzo 548 casi Alvear. Las llamas destruyeron por completo el inmueble.<\/p>\n\n\n\n<p>Al momento del incendio no hab\u00eda moradores en la casa, por lo que no hubo heridos.<\/p>\n\n\n\n<p>En el lugar viv\u00edan cuatro personas, entre ellos un ni\u00f1o de 7 a\u00f1os, que se quedaron sin hogar.<\/p>\n\n\n\n<p>A ra\u00edz de lo ocurrido se inici\u00f3 una campa\u00f1a solidaria para colaborar con la familia. Aquellos que deseen ayudar pueden acercarse a San Lorenzo 548, como as\u00ed tambi\u00e9n a Don Bosco 128. Tambi\u00e9n contact\u00e1ndose al tel\u00e9fono 336-4300070.<\/p>\n\n\n\n<p>Fuente: Diario El Informante\n\n<\/p>\n","protected":false},"excerpt":{"rendered":"<p>El siniestro ocurri\u00f3 en la ma\u00f1ana de este jueves en una vivienda ubicada en calle San Lorenzo 548 casi Alvear. Las llamas destruyeron por completo el inmueble. Al momento del incendio no hab\u00eda moradores en la casa, por lo que no hubo heridos. En el lugar viv\u00edan cuatro personas, entre ellos un ni\u00f1o de 7 [&hellip;]<\/p>\n","protected":false},"author":4,"featured_media":47255,"comment_status":"open","ping_status":"closed","sticky":false,"template":"","format":"standard","meta":{"om_disable_all_campaigns":false,"_jetpack_memberships_contains_paid_content":false,"footnotes":""},"categories":[621],"tags":[],"class_list":["post-47254","post","type-post","status-publish","format-standard","has-post-thumbnail","hentry","category-regionales"],"aioseo_notices":[],"gutentor_comment":0,"jetpack_featured_media_url":"https:\/\/eldiariodesanpedro.com.ar\/sitio\/wp-content\/uploads\/2019\/02\/no_y61rrxbwm78w73kin.jpg","jetpack_shortlink":"https:\/\/wp.me\/p6RhLt-cia","jetpack_sharing_enabled":true,"_links":{"self":[{"href":"https:\/\/eldiariodesanpedro.com.ar\/sitio\/wp-json\/wp\/v2\/posts\/47254","targetHints":{"allow":["GET"]}}],"collection":[{"href":"https:\/\/eldiariodesanpedro.com.ar\/sitio\/wp-json\/wp\/v2\/posts"}],"about":[{"href":"https:\/\/eldiariodesanpedro.com.ar\/sitio\/wp-json\/wp\/v2\/types\/post"}],"author":[{"embeddable":true,"href":"https:\/\/eldiariodesanpedro.com.ar\/sitio\/wp-json\/wp\/v2\/users\/4"}],"replies":[{"embeddable":true,"href":"https:\/\/eldiariodesanpedro.com.ar\/sitio\/wp-json\/wp\/v2\/comments?post=47254"}],"version-history":[{"count":1,"href":"https:\/\/eldiariodesanpedro.com.ar\/sitio\/wp-json\/wp\/v2\/posts\/47254\/revisions"}],"predecessor-version":[{"id":47256,"href":"https:\/\/eldiariodesanpedro.com.ar\/sitio\/wp-json\/wp\/v2\/posts\/47254\/revisions\/47256"}],"wp:featuredmedia":[{"embeddable":true,"href":"https:\/\/eldiariodesanpedro.com.ar\/sitio\/wp-json\/wp\/v2\/media\/47255"}],"wp:attachment":[{"href":"https:\/\/eldiariodesanpedro.com.ar\/sitio\/wp-json\/wp\/v2\/media?parent=47254"}],"wp:term":[{"taxonomy":"category","embeddable":true,"href":"https:\/\/eldiariodesanpedro.com.ar\/sitio\/wp-json\/wp\/v2\/categories?post=47254"},{"taxonomy":"post_tag","embeddable":true,"href":"https:\/\/eldiariodesanpedro.com.ar\/sitio\/wp-json\/wp\/v2\/tags?post=47254"}],"curies":[{"name":"wp","href":"https:\/\/api.w.org\/{rel}","templated":true}]}}