{"id":47250,"date":"2019-02-08T10:04:41","date_gmt":"2019-02-08T13:04:41","guid":{"rendered":"https:\/\/eldiariodesanpedro.com.ar\/sitio\/?p=47250"},"modified":"2019-02-08T10:04:46","modified_gmt":"2019-02-08T13:04:46","slug":"santa-lucia-detuvieron-infraganti-a-un-delincuente-de-18-anos","status":"publish","type":"post","link":"https:\/\/eldiariodesanpedro.com.ar\/sitio\/santa-lucia-detuvieron-infraganti-a-un-delincuente-de-18-anos\/","title":{"rendered":"Santa Lucia: Detuvieron infraganti a un delincuente de 18 a\u00f1os"},"content":{"rendered":"<!-- VideographyWP Plugin Message: Automatic video embedding prevented by plugin options. -->\n\n<p>El malviviente ingreso a una vivienda con fines de robo y fue detenido por la polic\u00eda. Ademas tras averiguaciones se estableci\u00f3 que tambi\u00e9n era el autor de otro hecho delictivo en la misma localidad. <\/p>\n\n\n\n<p>Sucedi\u00f3 en una vivienda sita en calle Ayacucho al 800 cuando su propietaria de 34 alerta al personal policial y tras r\u00e1pido accionar logra la aprehensi\u00f3n de un sujeto de 18, con frondosos antecedentes quien se encontraba en el interior de la morada con fines de robo.<\/p>\n\n\n\n<p>Ademas tras averiguaciones se establece que el mismo era el autor de el robo de una motocicleta 135 cc  sustra\u00edda de un domicilio en la madrugada anterior.<\/p>\n\n\n\n<p>Continuando con el procedimiento policial, encuentran el rodado abandonado en una zona rural y se procede el secuestro del mismo.<\/p>\n\n\n\n<p>El delincuente es trasladado a la dependencia de nuestra ciudad,  esta detenido a disposici\u00f3n de la fiscalia en turno e imputado de ambos delitos.<\/p>\n\n\n\n<p><\/p>\n\n\n\n<p><br><\/p>\n","protected":false},"excerpt":{"rendered":"<p>El malviviente ingreso a una vivienda con fines de robo y fue detenido por la polic\u00eda. Ademas tras averiguaciones se estableci\u00f3 que tambi\u00e9n era el autor de otro hecho delictivo en la misma localidad. Sucedi\u00f3 en una vivienda sita en calle Ayacucho al 800 cuando su propietaria de 34 alerta al personal policial y tras [&hellip;]<\/p>\n","protected":false},"author":4,"featured_media":30195,"comment_status":"open","ping_status":"closed","sticky":false,"template":"","format":"standard","meta":{"om_disable_all_campaigns":false,"_jetpack_memberships_contains_paid_content":false,"footnotes":""},"categories":[2,103],"tags":[],"class_list":["post-47250","post","type-post","status-publish","format-standard","has-post-thumbnail","hentry","category-locales","category-policiales-locales"],"aioseo_notices":[],"gutentor_comment":0,"jetpack_featured_media_url":"https:\/\/eldiariodesanpedro.com.ar\/sitio\/wp-content\/uploads\/2018\/03\/Aprehendido-y-ofuscado.jpg","jetpack_shortlink":"https:\/\/wp.me\/p6RhLt-ci6","jetpack_sharing_enabled":true,"_links":{"self":[{"href":"https:\/\/eldiariodesanpedro.com.ar\/sitio\/wp-json\/wp\/v2\/posts\/47250","targetHints":{"allow":["GET"]}}],"collection":[{"href":"https:\/\/eldiariodesanpedro.com.ar\/sitio\/wp-json\/wp\/v2\/posts"}],"about":[{"href":"https:\/\/eldiariodesanpedro.com.ar\/sitio\/wp-json\/wp\/v2\/types\/post"}],"author":[{"embeddable":true,"href":"https:\/\/eldiariodesanpedro.com.ar\/sitio\/wp-json\/wp\/v2\/users\/4"}],"replies":[{"embeddable":true,"href":"https:\/\/eldiariodesanpedro.com.ar\/sitio\/wp-json\/wp\/v2\/comments?post=47250"}],"version-history":[{"count":1,"href":"https:\/\/eldiariodesanpedro.com.ar\/sitio\/wp-json\/wp\/v2\/posts\/47250\/revisions"}],"predecessor-version":[{"id":47261,"href":"https:\/\/eldiariodesanpedro.com.ar\/sitio\/wp-json\/wp\/v2\/posts\/47250\/revisions\/47261"}],"wp:featuredmedia":[{"embeddable":true,"href":"https:\/\/eldiariodesanpedro.com.ar\/sitio\/wp-json\/wp\/v2\/media\/30195"}],"wp:attachment":[{"href":"https:\/\/eldiariodesanpedro.com.ar\/sitio\/wp-json\/wp\/v2\/media?parent=47250"}],"wp:term":[{"taxonomy":"category","embeddable":true,"href":"https:\/\/eldiariodesanpedro.com.ar\/sitio\/wp-json\/wp\/v2\/categories?post=47250"},{"taxonomy":"post_tag","embeddable":true,"href":"https:\/\/eldiariodesanpedro.com.ar\/sitio\/wp-json\/wp\/v2\/tags?post=47250"}],"curies":[{"name":"wp","href":"https:\/\/api.w.org\/{rel}","templated":true}]}}