{"id":47246,"date":"2019-02-08T09:52:34","date_gmt":"2019-02-08T12:52:34","guid":{"rendered":"https:\/\/eldiariodesanpedro.com.ar\/sitio\/?p=47246"},"modified":"2019-02-08T09:52:43","modified_gmt":"2019-02-08T12:52:43","slug":"en-el-estadio-municipal-se-probaran-jugadores-para-gimnasia-de-la-plata","status":"publish","type":"post","link":"https:\/\/eldiariodesanpedro.com.ar\/sitio\/en-el-estadio-municipal-se-probaran-jugadores-para-gimnasia-de-la-plata\/","title":{"rendered":"En el estadio municipal se probaran jugadores para Gimnasia de La Plata"},"content":{"rendered":"<!-- VideographyWP Plugin Message: Automatic video embedding prevented by plugin options. -->\n\n<p>Ser\u00e1n los d\u00edas 12 y 13 de febrero.  El Club realizar\u00e1 una prueba de jugadores de inferiores en San Pedro.\u00a0 <\/p>\n\n\n\n<p>Acompa\u00f1ados y  dirigidos por el t\u00e9cnico, el cuerpo t\u00e9cnico,  y supervisada por profesionales  de el Club Gimnasia y Esgrima de La Plata\u00a0 seran las pruebas que se tomaran para las categor\u00edas  2000, 2001, 2002, 2003, 2004 y 2005 .<\/p>\n\n\n\n<p>Las inscripciones est\u00e1n abiertas hasta el d\u00eda del evento en Bozzano y 25 de Mayo, o al tel\u00e9fono 03329-421919.<\/p>\n\n\n\n<figure class=\"wp-block-image\"><img decoding=\"async\" data-attachment-id=\"47247\" data-permalink=\"https:\/\/eldiariodesanpedro.com.ar\/sitio\/en-el-estadio-municipal-se-probaran-jugadores-para-gimnasia-de-la-plata\/gimnasia-prueba-de-jugadores\/\" data-orig-file=\"https:\/\/eldiariodesanpedro.com.ar\/sitio\/wp-content\/uploads\/2019\/02\/Gimnasia-prueba-de-jugadores-e1549630327621.jpg\" data-orig-size=\"1080,1080\" data-comments-opened=\"1\" data-image-meta=\"{&quot;aperture&quot;:&quot;0&quot;,&quot;credit&quot;:&quot;&quot;,&quot;camera&quot;:&quot;&quot;,&quot;caption&quot;:&quot;&quot;,&quot;created_timestamp&quot;:&quot;0&quot;,&quot;copyright&quot;:&quot;&quot;,&quot;focal_length&quot;:&quot;0&quot;,&quot;iso&quot;:&quot;0&quot;,&quot;shutter_speed&quot;:&quot;0&quot;,&quot;title&quot;:&quot;&quot;,&quot;orientation&quot;:&quot;0&quot;}\" data-image-title=\"Gimnasia prueba de jugadores\" data-image-description=\"\" data-image-caption=\"\" data-large-file=\"https:\/\/eldiariodesanpedro.com.ar\/sitio\/wp-content\/uploads\/2019\/02\/Gimnasia-prueba-de-jugadores-1024x1024.jpg\" data-src=\"https:\/\/i1.wp.com\/eldiariodesanpedro.com.ar\/sitio\/wp-content\/uploads\/2019\/02\/Gimnasia-prueba-de-jugadores.jpg?fit=660%2C660\" alt=\"\" class=\"wp-image-47247 lazyload\" src=\"data:image\/svg+xml;base64,PHN2ZyB3aWR0aD0iMSIgaGVpZ2h0PSIxIiB4bWxucz0iaHR0cDovL3d3dy53My5vcmcvMjAwMC9zdmciPjwvc3ZnPg==\" \/><\/figure>\n\n\n\n<p><br><\/p>\n","protected":false},"excerpt":{"rendered":"<p>Ser\u00e1n los d\u00edas 12 y 13 de febrero. El Club realizar\u00e1 una prueba de jugadores de inferiores en San Pedro.\u00a0 Acompa\u00f1ados y dirigidos por el t\u00e9cnico, el cuerpo t\u00e9cnico, y supervisada por profesionales de el Club Gimnasia y Esgrima de La Plata\u00a0 seran las pruebas que se tomaran para las categor\u00edas 2000, 2001, 2002, 2003, [&hellip;]<\/p>\n","protected":false},"author":4,"featured_media":47247,"comment_status":"open","ping_status":"closed","sticky":false,"template":"","format":"standard","meta":{"om_disable_all_campaigns":false,"_jetpack_memberships_contains_paid_content":false,"footnotes":""},"categories":[50,101,2],"tags":[],"class_list":["post-47246","post","type-post","status-publish","format-standard","has-post-thumbnail","hentry","category-destacadas","category-interes-general-locales","category-locales"],"aioseo_notices":[],"gutentor_comment":0,"jetpack_featured_media_url":"https:\/\/eldiariodesanpedro.com.ar\/sitio\/wp-content\/uploads\/2019\/02\/Gimnasia-prueba-de-jugadores-e1549630327621.jpg","jetpack_shortlink":"https:\/\/wp.me\/p6RhLt-ci2","jetpack_sharing_enabled":true,"_links":{"self":[{"href":"https:\/\/eldiariodesanpedro.com.ar\/sitio\/wp-json\/wp\/v2\/posts\/47246","targetHints":{"allow":["GET"]}}],"collection":[{"href":"https:\/\/eldiariodesanpedro.com.ar\/sitio\/wp-json\/wp\/v2\/posts"}],"about":[{"href":"https:\/\/eldiariodesanpedro.com.ar\/sitio\/wp-json\/wp\/v2\/types\/post"}],"author":[{"embeddable":true,"href":"https:\/\/eldiariodesanpedro.com.ar\/sitio\/wp-json\/wp\/v2\/users\/4"}],"replies":[{"embeddable":true,"href":"https:\/\/eldiariodesanpedro.com.ar\/sitio\/wp-json\/wp\/v2\/comments?post=47246"}],"version-history":[{"count":1,"href":"https:\/\/eldiariodesanpedro.com.ar\/sitio\/wp-json\/wp\/v2\/posts\/47246\/revisions"}],"predecessor-version":[{"id":47248,"href":"https:\/\/eldiariodesanpedro.com.ar\/sitio\/wp-json\/wp\/v2\/posts\/47246\/revisions\/47248"}],"wp:featuredmedia":[{"embeddable":true,"href":"https:\/\/eldiariodesanpedro.com.ar\/sitio\/wp-json\/wp\/v2\/media\/47247"}],"wp:attachment":[{"href":"https:\/\/eldiariodesanpedro.com.ar\/sitio\/wp-json\/wp\/v2\/media?parent=47246"}],"wp:term":[{"taxonomy":"category","embeddable":true,"href":"https:\/\/eldiariodesanpedro.com.ar\/sitio\/wp-json\/wp\/v2\/categories?post=47246"},{"taxonomy":"post_tag","embeddable":true,"href":"https:\/\/eldiariodesanpedro.com.ar\/sitio\/wp-json\/wp\/v2\/tags?post=47246"}],"curies":[{"name":"wp","href":"https:\/\/api.w.org\/{rel}","templated":true}]}}