{"id":47238,"date":"2019-02-08T09:44:13","date_gmt":"2019-02-08T12:44:13","guid":{"rendered":"https:\/\/eldiariodesanpedro.com.ar\/sitio\/?p=47238"},"modified":"2019-02-08T09:44:21","modified_gmt":"2019-02-08T12:44:21","slug":"relanzamiento-de-la-camara-de-turismo-y-convenio-con-la-red-de-turismo-social","status":"publish","type":"post","link":"https:\/\/eldiariodesanpedro.com.ar\/sitio\/relanzamiento-de-la-camara-de-turismo-y-convenio-con-la-red-de-turismo-social\/","title":{"rendered":"Relanzamiento de la C\u00e1mara de Turismo y convenio con la Red de Turismo Social"},"content":{"rendered":"<!-- VideographyWP Plugin Message: Automatic video embedding prevented by plugin options. -->\n\n<p>\n\nEl Centro de Comercio Industria y Turismo a trav\u00e9s de su C\u00e1mara de Turismo, suscribi\u00f3 este jueves en el Auditorio H\u00e9ctor Padula un Convenio Marco para la Promoci\u00f3n Tur\u00edstica de San Pedro con representantes de la Rueda Solidaria de Turismo Social y Sindical. En nombre de nuestra entidad dieron la bienvenida y se expresaron con relaci\u00f3n a la pol\u00edtica de desarrollo del turismo, el Presidente Mauro Troilo y el titular de la C\u00e1mara de Turismo, Mart\u00edn Rivas.&nbsp;<br><\/p>\n\n\n\n<p>Destacando la importancia de la iniciativa propuesta desde San Pedro, y anticipando el compromiso de todos los sindicatos que son parte de la red para potenciar este acuerdo, hablaron el Sr. Sergio Jerez por el Sindicato de Camioneros y Secretario Gral de la CGT Lan\u00fas-Avehneda y Pablo Mersi&nbsp;en representaci\u00f3n de UpSA, Uni\u00f3n de Personal Superior y Profesional de Empresas Aerocomerciales y adem\u00e1s&nbsp; presidente de la Rueda Sindical de Turismo.&nbsp;&nbsp;<br><\/p>\n\n\n\n<p>En la reuni\u00f3n participaron integrantes de los sindicatos que forman parte de la Red Solidaria del Turismo Social, prestadores locales y en representaci\u00f3n de la Municipalidad de San Pedro, el Secretario de Desarrollo Econ\u00f3mico Alfredo Camilletti y el presidente del bloque de concejales de Cambiemos, Iv\u00e1n Paz.<br><\/p>\n\n\n\n<p>Los gremios involucrados en este acuerdo re\u00fanen aproximadamente 80 mil trabajadores del conurbano bonaerense que, a partir de las acciones compartidas entre los sindicatos y los prestadores locales a trav\u00e9s de la C\u00e1mara, podr\u00e1n ofrecer descuentos y promociones para estimular la elecci\u00f3n de nuestro destino.<br><\/p>\n\n\n\n<p>En este sentido Mart\u00edn Rivas adelant\u00f3 que hay varias acciones encaminadas desde el grupo que integran representantes de diferentes sectores relacionados con el turismo y que se trabaja en la confecci\u00f3n de un calendario para poder \u00abpomocionar\u00bb San Pedro en todo el pa\u00eds y para generar renovadas expectativas en el sector. Una de las pr\u00f3ximas actividades que mantendr\u00e1 unida a la C\u00e1mara con los gremios participantes del acuerdo es la postulaci\u00f3n de San Pedro para organizar el pr\u00f3ximo Congreso de Turismo Social en Abril que se podr\u00eda confirmar pr\u00f3ximamente.<\/p>\n\n\n\n<figure class=\"wp-block-image\"><img decoding=\"async\" width=\"1280\" height=\"622\" data-attachment-id=\"47240\" data-permalink=\"https:\/\/eldiariodesanpedro.com.ar\/sitio\/relanzamiento-de-la-camara-de-turismo-y-convenio-con-la-red-de-turismo-social\/camara1\/\" data-orig-file=\"https:\/\/eldiariodesanpedro.com.ar\/sitio\/wp-content\/uploads\/2019\/02\/camara1.jpg\" data-orig-size=\"1280,622\" data-comments-opened=\"1\" data-image-meta=\"{&quot;aperture&quot;:&quot;0&quot;,&quot;credit&quot;:&quot;&quot;,&quot;camera&quot;:&quot;&quot;,&quot;caption&quot;:&quot;&quot;,&quot;created_timestamp&quot;:&quot;0&quot;,&quot;copyright&quot;:&quot;&quot;,&quot;focal_length&quot;:&quot;0&quot;,&quot;iso&quot;:&quot;0&quot;,&quot;shutter_speed&quot;:&quot;0&quot;,&quot;title&quot;:&quot;&quot;,&quot;orientation&quot;:&quot;0&quot;}\" data-image-title=\"camara1\" data-image-description=\"\" data-image-caption=\"\" data-large-file=\"https:\/\/eldiariodesanpedro.com.ar\/sitio\/wp-content\/uploads\/2019\/02\/camara1-1024x498.jpg\" data-src=\"https:\/\/i0.wp.com\/eldiariodesanpedro.com.ar\/sitio\/wp-content\/uploads\/2019\/02\/camara1.jpg?fit=660%2C321\" alt=\"\" class=\"wp-image-47240 lazyload\" data-srcset=\"https:\/\/eldiariodesanpedro.com.ar\/sitio\/wp-content\/uploads\/2019\/02\/camara1.jpg 1280w, https:\/\/eldiariodesanpedro.com.ar\/sitio\/wp-content\/uploads\/2019\/02\/camara1-300x146.jpg 300w, https:\/\/eldiariodesanpedro.com.ar\/sitio\/wp-content\/uploads\/2019\/02\/camara1-768x373.jpg 768w, https:\/\/eldiariodesanpedro.com.ar\/sitio\/wp-content\/uploads\/2019\/02\/camara1-1024x498.jpg 1024w\" data-sizes=\"(max-width: 1280px) 100vw, 1280px\" src=\"data:image\/svg+xml;base64,PHN2ZyB3aWR0aD0iMSIgaGVpZ2h0PSIxIiB4bWxucz0iaHR0cDovL3d3dy53My5vcmcvMjAwMC9zdmciPjwvc3ZnPg==\" style=\"--smush-placeholder-width: 1280px; --smush-placeholder-aspect-ratio: 1280\/622;\" \/><\/figure>\n\n\n\n<figure class=\"wp-block-image\"><img decoding=\"async\" width=\"1280\" height=\"622\" data-attachment-id=\"47242\" data-permalink=\"https:\/\/eldiariodesanpedro.com.ar\/sitio\/relanzamiento-de-la-camara-de-turismo-y-convenio-con-la-red-de-turismo-social\/camara3\/\" data-orig-file=\"https:\/\/eldiariodesanpedro.com.ar\/sitio\/wp-content\/uploads\/2019\/02\/camara3.jpg\" data-orig-size=\"1280,622\" data-comments-opened=\"1\" data-image-meta=\"{&quot;aperture&quot;:&quot;0&quot;,&quot;credit&quot;:&quot;&quot;,&quot;camera&quot;:&quot;&quot;,&quot;caption&quot;:&quot;&quot;,&quot;created_timestamp&quot;:&quot;0&quot;,&quot;copyright&quot;:&quot;&quot;,&quot;focal_length&quot;:&quot;0&quot;,&quot;iso&quot;:&quot;0&quot;,&quot;shutter_speed&quot;:&quot;0&quot;,&quot;title&quot;:&quot;&quot;,&quot;orientation&quot;:&quot;0&quot;}\" data-image-title=\"camara3\" data-image-description=\"\" data-image-caption=\"\" data-large-file=\"https:\/\/eldiariodesanpedro.com.ar\/sitio\/wp-content\/uploads\/2019\/02\/camara3-1024x498.jpg\" data-src=\"https:\/\/i1.wp.com\/eldiariodesanpedro.com.ar\/sitio\/wp-content\/uploads\/2019\/02\/camara3.jpg?fit=660%2C321\" alt=\"\" class=\"wp-image-47242 lazyload\" data-srcset=\"https:\/\/eldiariodesanpedro.com.ar\/sitio\/wp-content\/uploads\/2019\/02\/camara3.jpg 1280w, https:\/\/eldiariodesanpedro.com.ar\/sitio\/wp-content\/uploads\/2019\/02\/camara3-300x146.jpg 300w, https:\/\/eldiariodesanpedro.com.ar\/sitio\/wp-content\/uploads\/2019\/02\/camara3-768x373.jpg 768w, https:\/\/eldiariodesanpedro.com.ar\/sitio\/wp-content\/uploads\/2019\/02\/camara3-1024x498.jpg 1024w\" data-sizes=\"(max-width: 1280px) 100vw, 1280px\" src=\"data:image\/svg+xml;base64,PHN2ZyB3aWR0aD0iMSIgaGVpZ2h0PSIxIiB4bWxucz0iaHR0cDovL3d3dy53My5vcmcvMjAwMC9zdmciPjwvc3ZnPg==\" style=\"--smush-placeholder-width: 1280px; --smush-placeholder-aspect-ratio: 1280\/622;\" \/><\/figure>\n","protected":false},"excerpt":{"rendered":"<p>El Centro de Comercio Industria y Turismo a trav\u00e9s de su C\u00e1mara de Turismo, suscribi\u00f3 este jueves en el Auditorio H\u00e9ctor Padula un Convenio Marco para la Promoci\u00f3n Tur\u00edstica de San Pedro con representantes de la Rueda Solidaria de Turismo Social y Sindical. En nombre de nuestra entidad dieron la bienvenida y se expresaron con [&hellip;]<\/p>\n","protected":false},"author":4,"featured_media":47243,"comment_status":"open","ping_status":"closed","sticky":false,"template":"","format":"standard","meta":{"om_disable_all_campaigns":false,"_jetpack_memberships_contains_paid_content":false,"footnotes":""},"categories":[50,101,2],"tags":[],"class_list":["post-47238","post","type-post","status-publish","format-standard","has-post-thumbnail","hentry","category-destacadas","category-interes-general-locales","category-locales"],"aioseo_notices":[],"gutentor_comment":0,"jetpack_featured_media_url":"https:\/\/eldiariodesanpedro.com.ar\/sitio\/wp-content\/uploads\/2019\/02\/camara6.jpg","jetpack_shortlink":"https:\/\/wp.me\/p6RhLt-chU","jetpack_sharing_enabled":true,"_links":{"self":[{"href":"https:\/\/eldiariodesanpedro.com.ar\/sitio\/wp-json\/wp\/v2\/posts\/47238","targetHints":{"allow":["GET"]}}],"collection":[{"href":"https:\/\/eldiariodesanpedro.com.ar\/sitio\/wp-json\/wp\/v2\/posts"}],"about":[{"href":"https:\/\/eldiariodesanpedro.com.ar\/sitio\/wp-json\/wp\/v2\/types\/post"}],"author":[{"embeddable":true,"href":"https:\/\/eldiariodesanpedro.com.ar\/sitio\/wp-json\/wp\/v2\/users\/4"}],"replies":[{"embeddable":true,"href":"https:\/\/eldiariodesanpedro.com.ar\/sitio\/wp-json\/wp\/v2\/comments?post=47238"}],"version-history":[{"count":2,"href":"https:\/\/eldiariodesanpedro.com.ar\/sitio\/wp-json\/wp\/v2\/posts\/47238\/revisions"}],"predecessor-version":[{"id":47244,"href":"https:\/\/eldiariodesanpedro.com.ar\/sitio\/wp-json\/wp\/v2\/posts\/47238\/revisions\/47244"}],"wp:featuredmedia":[{"embeddable":true,"href":"https:\/\/eldiariodesanpedro.com.ar\/sitio\/wp-json\/wp\/v2\/media\/47243"}],"wp:attachment":[{"href":"https:\/\/eldiariodesanpedro.com.ar\/sitio\/wp-json\/wp\/v2\/media?parent=47238"}],"wp:term":[{"taxonomy":"category","embeddable":true,"href":"https:\/\/eldiariodesanpedro.com.ar\/sitio\/wp-json\/wp\/v2\/categories?post=47238"},{"taxonomy":"post_tag","embeddable":true,"href":"https:\/\/eldiariodesanpedro.com.ar\/sitio\/wp-json\/wp\/v2\/tags?post=47238"}],"curies":[{"name":"wp","href":"https:\/\/api.w.org\/{rel}","templated":true}]}}