{"id":47234,"date":"2019-02-08T09:43:19","date_gmt":"2019-02-08T12:43:19","guid":{"rendered":"https:\/\/eldiariodesanpedro.com.ar\/sitio\/?p=47234"},"modified":"2019-02-08T10:12:55","modified_gmt":"2019-02-08T13:12:55","slug":"accidente-un-menor-en-moto-colisiono-con-una-senora-mayor","status":"publish","type":"post","link":"https:\/\/eldiariodesanpedro.com.ar\/sitio\/accidente-un-menor-en-moto-colisiono-con-una-senora-mayor\/","title":{"rendered":"Accidente: Un menor en moto colision\u00f3 con una  se\u00f1ora mayor"},"content":{"rendered":"<!-- VideographyWP Plugin Message: Automatic video embedding prevented by plugin options. -->\n\n<p>Sucedi\u00f3 al mediod\u00eda del jueves alrededor de las 12:30 hs ,  el menor de 15 a\u00f1os de edad circulaba en una motocicleta marca Honda 150 cc cuando impacta a una se\u00f1ora de 75 quien intentaba cruzar la calle.<\/p>\n\n\n\n<p>El accidente tuvo lugar en calle Casella al 500 donde la ambulancia del SAME traslada a la abuela hacia el nosocomio local,  quien al caer al suelo tras el impacto,  resulta lesionada de car\u00e1cter leve.<\/p>\n\n\n\n<p>Investiga el hecho la Fiscalia Juvenil de San Nicolas.<\/p>\n\n\n\n<figure class=\"wp-block-image\"><img decoding=\"async\" width=\"1024\" height=\"498\" data-attachment-id=\"47263\" data-permalink=\"https:\/\/eldiariodesanpedro.com.ar\/sitio\/20190207_123710\/\" data-orig-file=\"https:\/\/eldiariodesanpedro.com.ar\/sitio\/wp-content\/uploads\/2019\/02\/20190207_123710-e1549631335999.jpg\" data-orig-size=\"1200,583\" data-comments-opened=\"1\" data-image-meta=\"{&quot;aperture&quot;:&quot;1.7&quot;,&quot;credit&quot;:&quot;&quot;,&quot;camera&quot;:&quot;SM-N950F&quot;,&quot;caption&quot;:&quot;&quot;,&quot;created_timestamp&quot;:&quot;1549543030&quot;,&quot;copyright&quot;:&quot;&quot;,&quot;focal_length&quot;:&quot;4.3&quot;,&quot;iso&quot;:&quot;40&quot;,&quot;shutter_speed&quot;:&quot;0.0019607843137255&quot;,&quot;title&quot;:&quot;&quot;,&quot;orientation&quot;:&quot;1&quot;}\" data-image-title=\"20190207_123710\" data-image-description=\"\" data-image-caption=\"\" data-large-file=\"https:\/\/eldiariodesanpedro.com.ar\/sitio\/wp-content\/uploads\/2019\/02\/20190207_123710-1024x498.jpg\" data-src=\"https:\/\/eldiariodesanpedro.com.ar\/sitio\/wp-content\/uploads\/2019\/02\/20190207_123710-1024x498.jpg\" alt=\"\" class=\"wp-image-47263 lazyload\" src=\"data:image\/svg+xml;base64,PHN2ZyB3aWR0aD0iMSIgaGVpZ2h0PSIxIiB4bWxucz0iaHR0cDovL3d3dy53My5vcmcvMjAwMC9zdmciPjwvc3ZnPg==\" style=\"--smush-placeholder-width: 1024px; --smush-placeholder-aspect-ratio: 1024\/498;\" \/><\/figure>\n\n\n\n<figure class=\"wp-block-image\"><img decoding=\"async\" width=\"1024\" height=\"498\" data-attachment-id=\"47264\" data-permalink=\"https:\/\/eldiariodesanpedro.com.ar\/sitio\/20190207_123737\/\" data-orig-file=\"https:\/\/eldiariodesanpedro.com.ar\/sitio\/wp-content\/uploads\/2019\/02\/20190207_123737-e1549631325345.jpg\" data-orig-size=\"1200,583\" data-comments-opened=\"1\" data-image-meta=\"{&quot;aperture&quot;:&quot;1.7&quot;,&quot;credit&quot;:&quot;&quot;,&quot;camera&quot;:&quot;SM-N950F&quot;,&quot;caption&quot;:&quot;&quot;,&quot;created_timestamp&quot;:&quot;1549543057&quot;,&quot;copyright&quot;:&quot;&quot;,&quot;focal_length&quot;:&quot;4.3&quot;,&quot;iso&quot;:&quot;40&quot;,&quot;shutter_speed&quot;:&quot;0.00067024128686327&quot;,&quot;title&quot;:&quot;&quot;,&quot;orientation&quot;:&quot;1&quot;}\" data-image-title=\"20190207_123737\" data-image-description=\"\" data-image-caption=\"\" data-large-file=\"https:\/\/eldiariodesanpedro.com.ar\/sitio\/wp-content\/uploads\/2019\/02\/20190207_123737-1024x498.jpg\" data-src=\"https:\/\/eldiariodesanpedro.com.ar\/sitio\/wp-content\/uploads\/2019\/02\/20190207_123737-1024x498.jpg\" alt=\"\" class=\"wp-image-47264 lazyload\" src=\"data:image\/svg+xml;base64,PHN2ZyB3aWR0aD0iMSIgaGVpZ2h0PSIxIiB4bWxucz0iaHR0cDovL3d3dy53My5vcmcvMjAwMC9zdmciPjwvc3ZnPg==\" style=\"--smush-placeholder-width: 1024px; --smush-placeholder-aspect-ratio: 1024\/498;\" \/><\/figure>\n","protected":false},"excerpt":{"rendered":"<p>Sucedi\u00f3 al mediod\u00eda del jueves alrededor de las 12:30 hs , el menor de 15 a\u00f1os de edad circulaba en una motocicleta marca Honda 150 cc cuando impacta a una se\u00f1ora de 75 quien intentaba cruzar la calle. El accidente tuvo lugar en calle Casella al 500 donde la ambulancia del SAME traslada a la [&hellip;]<\/p>\n","protected":false},"author":4,"featured_media":47268,"comment_status":"open","ping_status":"closed","sticky":false,"template":"","format":"standard","meta":{"om_disable_all_campaigns":false,"_jetpack_memberships_contains_paid_content":false,"footnotes":""},"categories":[2,103],"tags":[],"class_list":["post-47234","post","type-post","status-publish","format-standard","has-post-thumbnail","hentry","category-locales","category-policiales-locales"],"aioseo_notices":[],"gutentor_comment":0,"jetpack_featured_media_url":"https:\/\/eldiariodesanpedro.com.ar\/sitio\/wp-content\/uploads\/2019\/02\/20190207_123650-e1549631294148.jpg","jetpack_shortlink":"https:\/\/wp.me\/p6RhLt-chQ","jetpack_sharing_enabled":true,"_links":{"self":[{"href":"https:\/\/eldiariodesanpedro.com.ar\/sitio\/wp-json\/wp\/v2\/posts\/47234","targetHints":{"allow":["GET"]}}],"collection":[{"href":"https:\/\/eldiariodesanpedro.com.ar\/sitio\/wp-json\/wp\/v2\/posts"}],"about":[{"href":"https:\/\/eldiariodesanpedro.com.ar\/sitio\/wp-json\/wp\/v2\/types\/post"}],"author":[{"embeddable":true,"href":"https:\/\/eldiariodesanpedro.com.ar\/sitio\/wp-json\/wp\/v2\/users\/4"}],"replies":[{"embeddable":true,"href":"https:\/\/eldiariodesanpedro.com.ar\/sitio\/wp-json\/wp\/v2\/comments?post=47234"}],"version-history":[{"count":3,"href":"https:\/\/eldiariodesanpedro.com.ar\/sitio\/wp-json\/wp\/v2\/posts\/47234\/revisions"}],"predecessor-version":[{"id":47270,"href":"https:\/\/eldiariodesanpedro.com.ar\/sitio\/wp-json\/wp\/v2\/posts\/47234\/revisions\/47270"}],"wp:featuredmedia":[{"embeddable":true,"href":"https:\/\/eldiariodesanpedro.com.ar\/sitio\/wp-json\/wp\/v2\/media\/47268"}],"wp:attachment":[{"href":"https:\/\/eldiariodesanpedro.com.ar\/sitio\/wp-json\/wp\/v2\/media?parent=47234"}],"wp:term":[{"taxonomy":"category","embeddable":true,"href":"https:\/\/eldiariodesanpedro.com.ar\/sitio\/wp-json\/wp\/v2\/categories?post=47234"},{"taxonomy":"post_tag","embeddable":true,"href":"https:\/\/eldiariodesanpedro.com.ar\/sitio\/wp-json\/wp\/v2\/tags?post=47234"}],"curies":[{"name":"wp","href":"https:\/\/api.w.org\/{rel}","templated":true}]}}