{"id":4723,"date":"2016-05-26T18:35:39","date_gmt":"2016-05-26T21:35:39","guid":{"rendered":"https:\/\/eldiariodesanpedro.com.ar\/sitio\/?p=4723"},"modified":"2016-05-26T18:35:39","modified_gmt":"2016-05-26T21:35:39","slug":"san-pedro-se-viste-de-celeste-y-blanco","status":"publish","type":"post","link":"https:\/\/eldiariodesanpedro.com.ar\/sitio\/san-pedro-se-viste-de-celeste-y-blanco\/","title":{"rendered":"San Pedro se viste de celeste y blanco"},"content":{"rendered":"<p><!-- VideographyWP Plugin Message: Automatic video embedding prevented by plugin options. --><br \/>\nNuevamente la bandera del m\u00e1stil del boulevard flamea. Fue repuesta por el Gobierno Municipal, tras varios a\u00f1os que hab\u00eda sido quitada. A trav\u00e9s de un comunicado la Secretar\u00eda Privada y de Prensa manifest\u00f3: \u00abCada d\u00eda le damos valor a nuestros s\u00edmbolos Patrios. Hoy recuperamos nuestra querida Bandera, el emblema que m\u00e1s nos representa y nos une a todos los Argentinos. Hacemos Patria, hacemos San Pedro\u00bb.<\/p>\n","protected":false},"excerpt":{"rendered":"<p>Nuevamente la bandera del m\u00e1stil del boulevard flamea. Fue repuesta por el Gobierno Municipal, tras varios a\u00f1os que hab\u00eda sido quitada. A trav\u00e9s de un comunicado la Secretar\u00eda Privada y de Prensa manifest\u00f3: \u00abCada d\u00eda le damos valor a nuestros s\u00edmbolos Patrios. Hoy recuperamos nuestra querida Bandera, el emblema que m\u00e1s nos representa y nos [&hellip;]<\/p>\n","protected":false},"author":4,"featured_media":4724,"comment_status":"open","ping_status":"closed","sticky":false,"template":"","format":"standard","meta":{"om_disable_all_campaigns":false,"_jetpack_memberships_contains_paid_content":false,"footnotes":""},"categories":[50,101,2],"tags":[],"class_list":["post-4723","post","type-post","status-publish","format-standard","has-post-thumbnail","hentry","category-destacadas","category-interes-general-locales","category-locales"],"aioseo_notices":[],"gutentor_comment":0,"jetpack_featured_media_url":"https:\/\/eldiariodesanpedro.com.ar\/sitio\/wp-content\/uploads\/2016\/05\/PAGINA-6-1.jpeg","jetpack_shortlink":"https:\/\/wp.me\/p6RhLt-1eb","jetpack_sharing_enabled":true,"_links":{"self":[{"href":"https:\/\/eldiariodesanpedro.com.ar\/sitio\/wp-json\/wp\/v2\/posts\/4723","targetHints":{"allow":["GET"]}}],"collection":[{"href":"https:\/\/eldiariodesanpedro.com.ar\/sitio\/wp-json\/wp\/v2\/posts"}],"about":[{"href":"https:\/\/eldiariodesanpedro.com.ar\/sitio\/wp-json\/wp\/v2\/types\/post"}],"author":[{"embeddable":true,"href":"https:\/\/eldiariodesanpedro.com.ar\/sitio\/wp-json\/wp\/v2\/users\/4"}],"replies":[{"embeddable":true,"href":"https:\/\/eldiariodesanpedro.com.ar\/sitio\/wp-json\/wp\/v2\/comments?post=4723"}],"version-history":[{"count":1,"href":"https:\/\/eldiariodesanpedro.com.ar\/sitio\/wp-json\/wp\/v2\/posts\/4723\/revisions"}],"predecessor-version":[{"id":4725,"href":"https:\/\/eldiariodesanpedro.com.ar\/sitio\/wp-json\/wp\/v2\/posts\/4723\/revisions\/4725"}],"wp:featuredmedia":[{"embeddable":true,"href":"https:\/\/eldiariodesanpedro.com.ar\/sitio\/wp-json\/wp\/v2\/media\/4724"}],"wp:attachment":[{"href":"https:\/\/eldiariodesanpedro.com.ar\/sitio\/wp-json\/wp\/v2\/media?parent=4723"}],"wp:term":[{"taxonomy":"category","embeddable":true,"href":"https:\/\/eldiariodesanpedro.com.ar\/sitio\/wp-json\/wp\/v2\/categories?post=4723"},{"taxonomy":"post_tag","embeddable":true,"href":"https:\/\/eldiariodesanpedro.com.ar\/sitio\/wp-json\/wp\/v2\/tags?post=4723"}],"curies":[{"name":"wp","href":"https:\/\/api.w.org\/{rel}","templated":true}]}}