{"id":47209,"date":"2019-02-07T18:53:03","date_gmt":"2019-02-07T21:53:03","guid":{"rendered":"https:\/\/eldiariodesanpedro.com.ar\/sitio\/?p=47209"},"modified":"2019-02-07T18:53:13","modified_gmt":"2019-02-07T21:53:13","slug":"el-intendente-en-una-reunion-con-el-ministro-del-interior","status":"publish","type":"post","link":"https:\/\/eldiariodesanpedro.com.ar\/sitio\/el-intendente-en-una-reunion-con-el-ministro-del-interior\/","title":{"rendered":"El Intendente en una reuni\u00f3n con el Ministro del Interior"},"content":{"rendered":"<!-- VideographyWP Plugin Message: Automatic video embedding prevented by plugin options. -->\n\n<p>\n\nEl Ministro del Interior, Obras P\u00fablicas y Vivienda de la Naci\u00f3n, Rogelio Frigerio recibi\u00f3 esta ma\u00f1ana en su despacho de Casa de Gobierno a un grupo de intendentes de Segunda Secci\u00f3n Electoral de la Provincia de Buenos Aires, entre los que estuvo presente el jefe comunal local Cecilio Salazar.<\/p>\n\n\n\n<p>El encuentro, sumamente importante para poder fortalecer el v\u00ednculo directo con uno de los miembros estrat\u00e9gicos del gobierno nacional, fue gestionado por el Diputado Nacional Pablo Ansaloni, representante del Partido FE y oriundo de la ciudad de Col\u00f3n.<\/p>\n\n\n\n<p>Adem\u00e1s de Salazar concurrieron la Intendenta de Baradero Fernanda Antonijevic, el Intendente de San Nicol\u00e1s, Manuel Passaglia y el Intendente de Rojas, Claudio Rossi.&nbsp;<\/p>\n\n\n\n<p>En la charla se hizo un repaso a los temas que m\u00e1s interesan a cada uno de estos distritos, destacando la necesidad de seguir generando fuentes de trabajo y obras de infraestructura como las que han llegado a los cuatro municipios.\u00a0<\/p>\n\n\n\n<p>El Jefe de Gabinete expres\u00f3 la voluntad de seguir acompa\u00f1ando este proceso con el compromiso de realizar las gestiones necesarias para que las obras proyectadas se ejecuten y se analice la incorporaci\u00f3n de otras, en cada una de las ciudades. <\/p>\n\n\n\n<figure class=\"wp-block-image\"><img decoding=\"async\" width=\"1024\" height=\"498\" data-attachment-id=\"47210\" data-permalink=\"https:\/\/eldiariodesanpedro.com.ar\/sitio\/el-intendente-en-una-reunion-con-el-ministro-del-interior\/070219-frigerio\/\" data-orig-file=\"https:\/\/eldiariodesanpedro.com.ar\/sitio\/wp-content\/uploads\/2019\/02\/070219-frigerio.jpg\" data-orig-size=\"1280,622\" data-comments-opened=\"1\" data-image-meta=\"{&quot;aperture&quot;:&quot;0&quot;,&quot;credit&quot;:&quot;&quot;,&quot;camera&quot;:&quot;&quot;,&quot;caption&quot;:&quot;&quot;,&quot;created_timestamp&quot;:&quot;0&quot;,&quot;copyright&quot;:&quot;&quot;,&quot;focal_length&quot;:&quot;0&quot;,&quot;iso&quot;:&quot;0&quot;,&quot;shutter_speed&quot;:&quot;0&quot;,&quot;title&quot;:&quot;&quot;,&quot;orientation&quot;:&quot;0&quot;}\" data-image-title=\"070219 &amp;#8211; frigerio\" data-image-description=\"\" data-image-caption=\"\" data-large-file=\"https:\/\/eldiariodesanpedro.com.ar\/sitio\/wp-content\/uploads\/2019\/02\/070219-frigerio-1024x498.jpg\" data-src=\"https:\/\/eldiariodesanpedro.com.ar\/sitio\/wp-content\/uploads\/2019\/02\/070219-frigerio-1024x498.jpg\" alt=\"\" class=\"wp-image-47210 lazyload\" data-srcset=\"https:\/\/eldiariodesanpedro.com.ar\/sitio\/wp-content\/uploads\/2019\/02\/070219-frigerio-1024x498.jpg 1024w, https:\/\/eldiariodesanpedro.com.ar\/sitio\/wp-content\/uploads\/2019\/02\/070219-frigerio-300x146.jpg 300w, https:\/\/eldiariodesanpedro.com.ar\/sitio\/wp-content\/uploads\/2019\/02\/070219-frigerio-768x373.jpg 768w, https:\/\/eldiariodesanpedro.com.ar\/sitio\/wp-content\/uploads\/2019\/02\/070219-frigerio.jpg 1280w\" data-sizes=\"(max-width: 1024px) 100vw, 1024px\" src=\"data:image\/svg+xml;base64,PHN2ZyB3aWR0aD0iMSIgaGVpZ2h0PSIxIiB4bWxucz0iaHR0cDovL3d3dy53My5vcmcvMjAwMC9zdmciPjwvc3ZnPg==\" style=\"--smush-placeholder-width: 1024px; --smush-placeholder-aspect-ratio: 1024\/498;\" \/><\/figure>\n","protected":false},"excerpt":{"rendered":"<p>El Ministro del Interior, Obras P\u00fablicas y Vivienda de la Naci\u00f3n, Rogelio Frigerio recibi\u00f3 esta ma\u00f1ana en su despacho de Casa de Gobierno a un grupo de intendentes de Segunda Secci\u00f3n Electoral de la Provincia de Buenos Aires, entre los que estuvo presente el jefe comunal local Cecilio Salazar. El encuentro, sumamente importante para poder [&hellip;]<\/p>\n","protected":false},"author":4,"featured_media":47211,"comment_status":"open","ping_status":"closed","sticky":false,"template":"","format":"standard","meta":{"om_disable_all_campaigns":false,"_jetpack_memberships_contains_paid_content":false,"footnotes":""},"categories":[50,2,102],"tags":[],"class_list":["post-47209","post","type-post","status-publish","format-standard","has-post-thumbnail","hentry","category-destacadas","category-locales","category-politica-locales"],"aioseo_notices":[],"gutentor_comment":0,"jetpack_featured_media_url":"https:\/\/eldiariodesanpedro.com.ar\/sitio\/wp-content\/uploads\/2019\/02\/070219-frigerio1.jpg","jetpack_shortlink":"https:\/\/wp.me\/p6RhLt-chr","jetpack_sharing_enabled":true,"_links":{"self":[{"href":"https:\/\/eldiariodesanpedro.com.ar\/sitio\/wp-json\/wp\/v2\/posts\/47209","targetHints":{"allow":["GET"]}}],"collection":[{"href":"https:\/\/eldiariodesanpedro.com.ar\/sitio\/wp-json\/wp\/v2\/posts"}],"about":[{"href":"https:\/\/eldiariodesanpedro.com.ar\/sitio\/wp-json\/wp\/v2\/types\/post"}],"author":[{"embeddable":true,"href":"https:\/\/eldiariodesanpedro.com.ar\/sitio\/wp-json\/wp\/v2\/users\/4"}],"replies":[{"embeddable":true,"href":"https:\/\/eldiariodesanpedro.com.ar\/sitio\/wp-json\/wp\/v2\/comments?post=47209"}],"version-history":[{"count":1,"href":"https:\/\/eldiariodesanpedro.com.ar\/sitio\/wp-json\/wp\/v2\/posts\/47209\/revisions"}],"predecessor-version":[{"id":47212,"href":"https:\/\/eldiariodesanpedro.com.ar\/sitio\/wp-json\/wp\/v2\/posts\/47209\/revisions\/47212"}],"wp:featuredmedia":[{"embeddable":true,"href":"https:\/\/eldiariodesanpedro.com.ar\/sitio\/wp-json\/wp\/v2\/media\/47211"}],"wp:attachment":[{"href":"https:\/\/eldiariodesanpedro.com.ar\/sitio\/wp-json\/wp\/v2\/media?parent=47209"}],"wp:term":[{"taxonomy":"category","embeddable":true,"href":"https:\/\/eldiariodesanpedro.com.ar\/sitio\/wp-json\/wp\/v2\/categories?post=47209"},{"taxonomy":"post_tag","embeddable":true,"href":"https:\/\/eldiariodesanpedro.com.ar\/sitio\/wp-json\/wp\/v2\/tags?post=47209"}],"curies":[{"name":"wp","href":"https:\/\/api.w.org\/{rel}","templated":true}]}}