{"id":47202,"date":"2019-02-07T12:12:49","date_gmt":"2019-02-07T15:12:49","guid":{"rendered":"https:\/\/eldiariodesanpedro.com.ar\/sitio\/?p=47202"},"modified":"2019-02-07T12:12:58","modified_gmt":"2019-02-07T15:12:58","slug":"nuevo-intento-de-incendio-en-el-club-recreativo-talense","status":"publish","type":"post","link":"https:\/\/eldiariodesanpedro.com.ar\/sitio\/nuevo-intento-de-incendio-en-el-club-recreativo-talense\/","title":{"rendered":"Nuevo intento de incendio en el Club Recreativo Talense"},"content":{"rendered":"<!-- VideographyWP Plugin Message: Automatic video embedding prevented by plugin options. -->\n\n<p>Gracias a un vecino de la localidad que pudo propagar el incendio el Club no sufri\u00f3 da\u00f1os mayores.<\/p>\n\n\n\n<p>El hecho ocurri\u00f3 esta madrugada,  sujetos ignorados intentaron provocar un incendio dentro del edificio del Club Recreativo Talense de la localidad vecina de Rio Tala, quienes se encontraban en preparativos para los festejos de los 100 a\u00f1os del lugar.<\/p>\n\n\n\n<p>\u00abLa semana pasada hicimos la denuncia del primer intento de prender fuego , esta madrugada  un vecino aviso a la polic\u00eda y est\u00e1 a nosotros,  cuando vine  hab\u00eda mucho humo adentro por suerte  le hab\u00edan tirado agua  y ventilamos para sacar el humo,  el olor,   gracias a Dios no se prendi\u00f3 el piso que es de madera\u00bb contaba personal de la comisi\u00f3n a este medio.<\/p>\n\n\n\n<p><br><br><\/p>\n\n\n\n<ul class=\"wp-block-gallery columns-3 is-cropped wp-block-gallery-1 is-layout-flex wp-block-gallery-is-layout-flex\"><li class=\"blocks-gallery-item\"><figure><img decoding=\"async\" width=\"720\" height=\"960\" data-attachment-id=\"47203\" data-permalink=\"https:\/\/eldiariodesanpedro.com.ar\/sitio\/nuevo-intento-de-incendio-en-el-club-recreativo-talense\/51349539_759479847767075_3204951342699249664_n\/\" data-orig-file=\"https:\/\/eldiariodesanpedro.com.ar\/sitio\/wp-content\/uploads\/2019\/02\/51349539_759479847767075_3204951342699249664_n.jpg\" data-orig-size=\"720,960\" data-comments-opened=\"1\" data-image-meta=\"{&quot;aperture&quot;:&quot;0&quot;,&quot;credit&quot;:&quot;&quot;,&quot;camera&quot;:&quot;&quot;,&quot;caption&quot;:&quot;&quot;,&quot;created_timestamp&quot;:&quot;0&quot;,&quot;copyright&quot;:&quot;&quot;,&quot;focal_length&quot;:&quot;0&quot;,&quot;iso&quot;:&quot;0&quot;,&quot;shutter_speed&quot;:&quot;0&quot;,&quot;title&quot;:&quot;&quot;,&quot;orientation&quot;:&quot;0&quot;}\" data-image-title=\"51349539_759479847767075_3204951342699249664_n\" data-image-description=\"\" data-image-caption=\"\" data-large-file=\"https:\/\/eldiariodesanpedro.com.ar\/sitio\/wp-content\/uploads\/2019\/02\/51349539_759479847767075_3204951342699249664_n.jpg\" data-src=\"https:\/\/eldiariodesanpedro.com.ar\/sitio\/wp-content\/uploads\/2019\/02\/51349539_759479847767075_3204951342699249664_n.jpg\" alt=\"\" data-id=\"47203\" data-link=\"https:\/\/eldiariodesanpedro.com.ar\/sitio\/?attachment_id=47203\" class=\"wp-image-47203 lazyload\" data-srcset=\"https:\/\/eldiariodesanpedro.com.ar\/sitio\/wp-content\/uploads\/2019\/02\/51349539_759479847767075_3204951342699249664_n.jpg 720w, https:\/\/eldiariodesanpedro.com.ar\/sitio\/wp-content\/uploads\/2019\/02\/51349539_759479847767075_3204951342699249664_n-225x300.jpg 225w\" data-sizes=\"(max-width: 720px) 100vw, 720px\" src=\"data:image\/svg+xml;base64,PHN2ZyB3aWR0aD0iMSIgaGVpZ2h0PSIxIiB4bWxucz0iaHR0cDovL3d3dy53My5vcmcvMjAwMC9zdmciPjwvc3ZnPg==\" style=\"--smush-placeholder-width: 720px; --smush-placeholder-aspect-ratio: 720\/960;\" \/><\/figure><\/li><li class=\"blocks-gallery-item\"><figure><img decoding=\"async\" width=\"720\" height=\"960\" data-attachment-id=\"47204\" data-permalink=\"https:\/\/eldiariodesanpedro.com.ar\/sitio\/nuevo-intento-de-incendio-en-el-club-recreativo-talense\/51572982_759479827767077_6125815689967042560_n\/\" data-orig-file=\"https:\/\/eldiariodesanpedro.com.ar\/sitio\/wp-content\/uploads\/2019\/02\/51572982_759479827767077_6125815689967042560_n.jpg\" data-orig-size=\"720,960\" data-comments-opened=\"1\" data-image-meta=\"{&quot;aperture&quot;:&quot;0&quot;,&quot;credit&quot;:&quot;&quot;,&quot;camera&quot;:&quot;&quot;,&quot;caption&quot;:&quot;&quot;,&quot;created_timestamp&quot;:&quot;0&quot;,&quot;copyright&quot;:&quot;&quot;,&quot;focal_length&quot;:&quot;0&quot;,&quot;iso&quot;:&quot;0&quot;,&quot;shutter_speed&quot;:&quot;0&quot;,&quot;title&quot;:&quot;&quot;,&quot;orientation&quot;:&quot;0&quot;}\" data-image-title=\"51572982_759479827767077_6125815689967042560_n\" data-image-description=\"\" data-image-caption=\"\" data-large-file=\"https:\/\/eldiariodesanpedro.com.ar\/sitio\/wp-content\/uploads\/2019\/02\/51572982_759479827767077_6125815689967042560_n.jpg\" data-src=\"https:\/\/eldiariodesanpedro.com.ar\/sitio\/wp-content\/uploads\/2019\/02\/51572982_759479827767077_6125815689967042560_n.jpg\" alt=\"\" data-id=\"47204\" data-link=\"https:\/\/eldiariodesanpedro.com.ar\/sitio\/?attachment_id=47204\" class=\"wp-image-47204 lazyload\" data-srcset=\"https:\/\/eldiariodesanpedro.com.ar\/sitio\/wp-content\/uploads\/2019\/02\/51572982_759479827767077_6125815689967042560_n.jpg 720w, https:\/\/eldiariodesanpedro.com.ar\/sitio\/wp-content\/uploads\/2019\/02\/51572982_759479827767077_6125815689967042560_n-225x300.jpg 225w\" data-sizes=\"(max-width: 720px) 100vw, 720px\" src=\"data:image\/svg+xml;base64,PHN2ZyB3aWR0aD0iMSIgaGVpZ2h0PSIxIiB4bWxucz0iaHR0cDovL3d3dy53My5vcmcvMjAwMC9zdmciPjwvc3ZnPg==\" style=\"--smush-placeholder-width: 720px; --smush-placeholder-aspect-ratio: 720\/960;\" \/><\/figure><\/li><li class=\"blocks-gallery-item\"><figure><img decoding=\"async\" width=\"960\" height=\"720\" data-attachment-id=\"47205\" data-permalink=\"https:\/\/eldiariodesanpedro.com.ar\/sitio\/nuevo-intento-de-incendio-en-el-club-recreativo-talense\/51777835_759479861100407_728979550700044288_n\/\" data-orig-file=\"https:\/\/eldiariodesanpedro.com.ar\/sitio\/wp-content\/uploads\/2019\/02\/51777835_759479861100407_728979550700044288_n.jpg\" data-orig-size=\"960,720\" data-comments-opened=\"1\" data-image-meta=\"{&quot;aperture&quot;:&quot;0&quot;,&quot;credit&quot;:&quot;&quot;,&quot;camera&quot;:&quot;&quot;,&quot;caption&quot;:&quot;&quot;,&quot;created_timestamp&quot;:&quot;0&quot;,&quot;copyright&quot;:&quot;&quot;,&quot;focal_length&quot;:&quot;0&quot;,&quot;iso&quot;:&quot;0&quot;,&quot;shutter_speed&quot;:&quot;0&quot;,&quot;title&quot;:&quot;&quot;,&quot;orientation&quot;:&quot;0&quot;}\" data-image-title=\"51777835_759479861100407_728979550700044288_n\" data-image-description=\"\" data-image-caption=\"\" data-large-file=\"https:\/\/eldiariodesanpedro.com.ar\/sitio\/wp-content\/uploads\/2019\/02\/51777835_759479861100407_728979550700044288_n.jpg\" data-src=\"https:\/\/eldiariodesanpedro.com.ar\/sitio\/wp-content\/uploads\/2019\/02\/51777835_759479861100407_728979550700044288_n.jpg\" alt=\"\" data-id=\"47205\" data-link=\"https:\/\/eldiariodesanpedro.com.ar\/sitio\/?attachment_id=47205\" class=\"wp-image-47205 lazyload\" data-srcset=\"https:\/\/eldiariodesanpedro.com.ar\/sitio\/wp-content\/uploads\/2019\/02\/51777835_759479861100407_728979550700044288_n.jpg 960w, https:\/\/eldiariodesanpedro.com.ar\/sitio\/wp-content\/uploads\/2019\/02\/51777835_759479861100407_728979550700044288_n-300x225.jpg 300w, https:\/\/eldiariodesanpedro.com.ar\/sitio\/wp-content\/uploads\/2019\/02\/51777835_759479861100407_728979550700044288_n-768x576.jpg 768w\" data-sizes=\"(max-width: 960px) 100vw, 960px\" src=\"data:image\/svg+xml;base64,PHN2ZyB3aWR0aD0iMSIgaGVpZ2h0PSIxIiB4bWxucz0iaHR0cDovL3d3dy53My5vcmcvMjAwMC9zdmciPjwvc3ZnPg==\" style=\"--smush-placeholder-width: 960px; --smush-placeholder-aspect-ratio: 960\/720;\" \/><\/figure><\/li><li class=\"blocks-gallery-item\"><figure><img decoding=\"async\" width=\"720\" height=\"960\" data-attachment-id=\"47206\" data-permalink=\"https:\/\/eldiariodesanpedro.com.ar\/sitio\/nuevo-intento-de-incendio-en-el-club-recreativo-talense\/52035844_759479807767079_1161500272283877376_n\/\" data-orig-file=\"https:\/\/eldiariodesanpedro.com.ar\/sitio\/wp-content\/uploads\/2019\/02\/52035844_759479807767079_1161500272283877376_n.jpg\" data-orig-size=\"720,960\" data-comments-opened=\"1\" data-image-meta=\"{&quot;aperture&quot;:&quot;0&quot;,&quot;credit&quot;:&quot;&quot;,&quot;camera&quot;:&quot;&quot;,&quot;caption&quot;:&quot;&quot;,&quot;created_timestamp&quot;:&quot;0&quot;,&quot;copyright&quot;:&quot;&quot;,&quot;focal_length&quot;:&quot;0&quot;,&quot;iso&quot;:&quot;0&quot;,&quot;shutter_speed&quot;:&quot;0&quot;,&quot;title&quot;:&quot;&quot;,&quot;orientation&quot;:&quot;0&quot;}\" data-image-title=\"52035844_759479807767079_1161500272283877376_n\" data-image-description=\"\" data-image-caption=\"\" data-large-file=\"https:\/\/eldiariodesanpedro.com.ar\/sitio\/wp-content\/uploads\/2019\/02\/52035844_759479807767079_1161500272283877376_n.jpg\" data-src=\"https:\/\/eldiariodesanpedro.com.ar\/sitio\/wp-content\/uploads\/2019\/02\/52035844_759479807767079_1161500272283877376_n.jpg\" alt=\"\" data-id=\"47206\" data-link=\"https:\/\/eldiariodesanpedro.com.ar\/sitio\/?attachment_id=47206\" class=\"wp-image-47206 lazyload\" data-srcset=\"https:\/\/eldiariodesanpedro.com.ar\/sitio\/wp-content\/uploads\/2019\/02\/52035844_759479807767079_1161500272283877376_n.jpg 720w, https:\/\/eldiariodesanpedro.com.ar\/sitio\/wp-content\/uploads\/2019\/02\/52035844_759479807767079_1161500272283877376_n-225x300.jpg 225w\" data-sizes=\"(max-width: 720px) 100vw, 720px\" src=\"data:image\/svg+xml;base64,PHN2ZyB3aWR0aD0iMSIgaGVpZ2h0PSIxIiB4bWxucz0iaHR0cDovL3d3dy53My5vcmcvMjAwMC9zdmciPjwvc3ZnPg==\" style=\"--smush-placeholder-width: 720px; --smush-placeholder-aspect-ratio: 720\/960;\" \/><\/figure><\/li><\/ul>\n","protected":false},"excerpt":{"rendered":"<p>Gracias a un vecino de la localidad que pudo propagar el incendio el Club no sufri\u00f3 da\u00f1os mayores. El hecho ocurri\u00f3 esta madrugada, sujetos ignorados intentaron provocar un incendio dentro del edificio del Club Recreativo Talense de la localidad vecina de Rio Tala, quienes se encontraban en preparativos para los festejos de los 100 a\u00f1os [&hellip;]<\/p>\n","protected":false},"author":4,"featured_media":47204,"comment_status":"open","ping_status":"closed","sticky":false,"template":"","format":"standard","meta":{"om_disable_all_campaigns":false,"_jetpack_memberships_contains_paid_content":false,"footnotes":""},"categories":[2,103],"tags":[],"class_list":["post-47202","post","type-post","status-publish","format-standard","has-post-thumbnail","hentry","category-locales","category-policiales-locales"],"aioseo_notices":[],"gutentor_comment":0,"jetpack_featured_media_url":"https:\/\/eldiariodesanpedro.com.ar\/sitio\/wp-content\/uploads\/2019\/02\/51572982_759479827767077_6125815689967042560_n.jpg","jetpack_shortlink":"https:\/\/wp.me\/p6RhLt-chk","jetpack_sharing_enabled":true,"_links":{"self":[{"href":"https:\/\/eldiariodesanpedro.com.ar\/sitio\/wp-json\/wp\/v2\/posts\/47202","targetHints":{"allow":["GET"]}}],"collection":[{"href":"https:\/\/eldiariodesanpedro.com.ar\/sitio\/wp-json\/wp\/v2\/posts"}],"about":[{"href":"https:\/\/eldiariodesanpedro.com.ar\/sitio\/wp-json\/wp\/v2\/types\/post"}],"author":[{"embeddable":true,"href":"https:\/\/eldiariodesanpedro.com.ar\/sitio\/wp-json\/wp\/v2\/users\/4"}],"replies":[{"embeddable":true,"href":"https:\/\/eldiariodesanpedro.com.ar\/sitio\/wp-json\/wp\/v2\/comments?post=47202"}],"version-history":[{"count":1,"href":"https:\/\/eldiariodesanpedro.com.ar\/sitio\/wp-json\/wp\/v2\/posts\/47202\/revisions"}],"predecessor-version":[{"id":47207,"href":"https:\/\/eldiariodesanpedro.com.ar\/sitio\/wp-json\/wp\/v2\/posts\/47202\/revisions\/47207"}],"wp:featuredmedia":[{"embeddable":true,"href":"https:\/\/eldiariodesanpedro.com.ar\/sitio\/wp-json\/wp\/v2\/media\/47204"}],"wp:attachment":[{"href":"https:\/\/eldiariodesanpedro.com.ar\/sitio\/wp-json\/wp\/v2\/media?parent=47202"}],"wp:term":[{"taxonomy":"category","embeddable":true,"href":"https:\/\/eldiariodesanpedro.com.ar\/sitio\/wp-json\/wp\/v2\/categories?post=47202"},{"taxonomy":"post_tag","embeddable":true,"href":"https:\/\/eldiariodesanpedro.com.ar\/sitio\/wp-json\/wp\/v2\/tags?post=47202"}],"curies":[{"name":"wp","href":"https:\/\/api.w.org\/{rel}","templated":true}]}}