{"id":4720,"date":"2016-05-26T18:19:26","date_gmt":"2016-05-26T21:19:26","guid":{"rendered":"https:\/\/eldiariodesanpedro.com.ar\/sitio\/?p=4720"},"modified":"2016-05-26T18:19:26","modified_gmt":"2016-05-26T21:19:26","slug":"ciclo-siripo-en-vivo","status":"publish","type":"post","link":"https:\/\/eldiariodesanpedro.com.ar\/sitio\/ciclo-siripo-en-vivo\/","title":{"rendered":"Ciclo Siripo en Vivo"},"content":{"rendered":"<p><!-- VideographyWP Plugin Message: Automatic video embedding prevented by plugin options. --><br \/>\nLa Direcci\u00f3n de Cultura recuerda que en conjunto con Tambores sin Fronteras, lanz\u00f3 el Ciclo Siripo en Vivo, donde se realizar\u00e1 un ensamble musical con distintos artistas invitados.<br \/>\nLa primera presentaci\u00f3n ser\u00e1 hoy a las 19:30 horas, en el Teatro Siripo, con la participaci\u00f3n del cantante y compositor Mat\u00edas Padilla.<br \/>\nEntrada libre y gratuita.<\/p>\n","protected":false},"excerpt":{"rendered":"<p>La Direcci\u00f3n de Cultura recuerda que en conjunto con Tambores sin Fronteras, lanz\u00f3 el Ciclo Siripo en Vivo, donde se realizar\u00e1 un ensamble musical con distintos artistas invitados. La primera presentaci\u00f3n ser\u00e1 hoy a las 19:30 horas, en el Teatro Siripo, con la participaci\u00f3n del cantante y compositor Mat\u00edas Padilla. Entrada libre y gratuita.<\/p>\n","protected":false},"author":4,"featured_media":4721,"comment_status":"open","ping_status":"closed","sticky":false,"template":"","format":"standard","meta":{"om_disable_all_campaigns":false,"_jetpack_memberships_contains_paid_content":false,"footnotes":""},"categories":[101,2],"tags":[],"class_list":["post-4720","post","type-post","status-publish","format-standard","has-post-thumbnail","hentry","category-interes-general-locales","category-locales"],"aioseo_notices":[],"gutentor_comment":0,"jetpack_featured_media_url":"https:\/\/eldiariodesanpedro.com.ar\/sitio\/wp-content\/uploads\/2016\/05\/siripo.jpg","jetpack_shortlink":"https:\/\/wp.me\/p6RhLt-1e8","jetpack_sharing_enabled":true,"_links":{"self":[{"href":"https:\/\/eldiariodesanpedro.com.ar\/sitio\/wp-json\/wp\/v2\/posts\/4720","targetHints":{"allow":["GET"]}}],"collection":[{"href":"https:\/\/eldiariodesanpedro.com.ar\/sitio\/wp-json\/wp\/v2\/posts"}],"about":[{"href":"https:\/\/eldiariodesanpedro.com.ar\/sitio\/wp-json\/wp\/v2\/types\/post"}],"author":[{"embeddable":true,"href":"https:\/\/eldiariodesanpedro.com.ar\/sitio\/wp-json\/wp\/v2\/users\/4"}],"replies":[{"embeddable":true,"href":"https:\/\/eldiariodesanpedro.com.ar\/sitio\/wp-json\/wp\/v2\/comments?post=4720"}],"version-history":[{"count":1,"href":"https:\/\/eldiariodesanpedro.com.ar\/sitio\/wp-json\/wp\/v2\/posts\/4720\/revisions"}],"predecessor-version":[{"id":4722,"href":"https:\/\/eldiariodesanpedro.com.ar\/sitio\/wp-json\/wp\/v2\/posts\/4720\/revisions\/4722"}],"wp:featuredmedia":[{"embeddable":true,"href":"https:\/\/eldiariodesanpedro.com.ar\/sitio\/wp-json\/wp\/v2\/media\/4721"}],"wp:attachment":[{"href":"https:\/\/eldiariodesanpedro.com.ar\/sitio\/wp-json\/wp\/v2\/media?parent=4720"}],"wp:term":[{"taxonomy":"category","embeddable":true,"href":"https:\/\/eldiariodesanpedro.com.ar\/sitio\/wp-json\/wp\/v2\/categories?post=4720"},{"taxonomy":"post_tag","embeddable":true,"href":"https:\/\/eldiariodesanpedro.com.ar\/sitio\/wp-json\/wp\/v2\/tags?post=4720"}],"curies":[{"name":"wp","href":"https:\/\/api.w.org\/{rel}","templated":true}]}}