{"id":47179,"date":"2019-02-07T11:28:36","date_gmt":"2019-02-07T14:28:36","guid":{"rendered":"https:\/\/eldiariodesanpedro.com.ar\/sitio\/?p=47179"},"modified":"2019-02-07T11:28:44","modified_gmt":"2019-02-07T14:28:44","slug":"ramallo-otra-heroica-actuacion-de-los-bomberos","status":"publish","type":"post","link":"https:\/\/eldiariodesanpedro.com.ar\/sitio\/ramallo-otra-heroica-actuacion-de-los-bomberos\/","title":{"rendered":"RAMALLO: Otra heroica actuaci\u00f3n de los bomberos"},"content":{"rendered":"<!-- VideographyWP Plugin Message: Automatic video embedding prevented by plugin options. -->\n\n<p>El mi\u00e9rcoles combatieron con el incendio en la ex planta de biodiesel Fox Oil.<\/p>\n\n\n\n<p>Pasadas las 3 de la tarde se alert\u00f3 al personal de Bomberos por un incendio en las inmediaciones de la ex planta de Fox Oil. Tras una ardua tarea en la que estuvieron comprometidas dos dotaciones, lograron controlar las llamas.<\/p>\n\n\n\n<figure class=\"wp-block-image\"><a href=\"https:\/\/www.ramalloinforma.com.ar\/policiales\/otra-heroica-actuacion-de-los-bomberos\/attachment\/incendio-fox-oil-1\/\"><img decoding=\"async\" data-src=\"https:\/\/www.ramalloinforma.com.ar\/wp-content\/uploads\/2019\/02\/Incendio-Fox-Oil-1.jpeg\" alt=\"\" src=\"data:image\/svg+xml;base64,PHN2ZyB3aWR0aD0iMSIgaGVpZ2h0PSIxIiB4bWxucz0iaHR0cDovL3d3dy53My5vcmcvMjAwMC9zdmciPjwvc3ZnPg==\" class=\"lazyload\" \/><\/a><\/figure>\n\n\n\n<figure class=\"wp-block-image\"><a href=\"https:\/\/www.ramalloinforma.com.ar\/policiales\/otra-heroica-actuacion-de-los-bomberos\/attachment\/incendio-fox-oil-4\/\"><img decoding=\"async\" data-src=\"https:\/\/www.ramalloinforma.com.ar\/wp-content\/uploads\/2019\/02\/Incendio-Fox-Oil-4.jpeg\" alt=\"\" src=\"data:image\/svg+xml;base64,PHN2ZyB3aWR0aD0iMSIgaGVpZ2h0PSIxIiB4bWxucz0iaHR0cDovL3d3dy53My5vcmcvMjAwMC9zdmciPjwvc3ZnPg==\" class=\"lazyload\" \/><\/a><\/figure>\n\n\n\n<figure class=\"wp-block-image\"><a href=\"https:\/\/www.ramalloinforma.com.ar\/policiales\/otra-heroica-actuacion-de-los-bomberos\/attachment\/incendio-fox-oil-3\/\"><img decoding=\"async\" data-src=\"https:\/\/www.ramalloinforma.com.ar\/wp-content\/uploads\/2019\/02\/Incendio-Fox-Oil-3.jpeg\" alt=\"\" src=\"data:image\/svg+xml;base64,PHN2ZyB3aWR0aD0iMSIgaGVpZ2h0PSIxIiB4bWxucz0iaHR0cDovL3d3dy53My5vcmcvMjAwMC9zdmciPjwvc3ZnPg==\" class=\"lazyload\" \/><\/a><\/figure>\n\n\n\n<figure class=\"wp-block-image\"><a href=\"https:\/\/www.ramalloinforma.com.ar\/policiales\/otra-heroica-actuacion-de-los-bomberos\/attachment\/incendio-fox-oil-2\/\"><img decoding=\"async\" data-src=\"https:\/\/www.ramalloinforma.com.ar\/wp-content\/uploads\/2019\/02\/Incendio-Fox-Oil-2.jpeg\" alt=\"\" src=\"data:image\/svg+xml;base64,PHN2ZyB3aWR0aD0iMSIgaGVpZ2h0PSIxIiB4bWxucz0iaHR0cDovL3d3dy53My5vcmcvMjAwMC9zdmciPjwvc3ZnPg==\" class=\"lazyload\" \/><\/a><\/figure>\n\n\n\n<p>La planta est\u00e1 abandonada por lo que los pastizales que se extienden a la vera del camino hasta la planta ServiAcero fueron protagonistas del incidente. El fuego se extendi\u00f3 por gran parte de las 5 hect\u00e1reas, lo que implicaba un desaf\u00edo a\u00fan mayor<\/p>\n\n\n\n<p>Al personal de Bomberos, se le sum\u00f3 en la emergencia un grupo de prevencionistas de la empresa Siderar.<\/p>\n\n\n\n<p>La planta de Fox Oil hab\u00eda sido inaugurada en 2010 y en su presentaci\u00f3n, el 29 de agosto de ese a\u00f1o,&nbsp;los representantes de la empresa explicaron que la planta iba a funcionar en principio a base de aceite de soja, para luego suplir esa materia prima con algas, que proveen aceite con un mayor rendimiento y menores costos de producci\u00f3n, con una expectativa m\u00ednima de generar&nbsp;30.000.000 de litros mensuales de Biodiesel.<\/p>\n","protected":false},"excerpt":{"rendered":"<p>El mi\u00e9rcoles combatieron con el incendio en la ex planta de biodiesel Fox Oil. Pasadas las 3 de la tarde se alert\u00f3 al personal de Bomberos por un incendio en las inmediaciones de la ex planta de Fox Oil. Tras una ardua tarea en la que estuvieron comprometidas dos dotaciones, lograron controlar las llamas. La [&hellip;]<\/p>\n","protected":false},"author":4,"featured_media":47180,"comment_status":"open","ping_status":"closed","sticky":false,"template":"","format":"standard","meta":{"om_disable_all_campaigns":false,"_jetpack_memberships_contains_paid_content":false,"footnotes":""},"categories":[621],"tags":[],"class_list":["post-47179","post","type-post","status-publish","format-standard","has-post-thumbnail","hentry","category-regionales"],"aioseo_notices":[],"gutentor_comment":0,"jetpack_featured_media_url":"https:\/\/eldiariodesanpedro.com.ar\/sitio\/wp-content\/uploads\/2019\/02\/Incendio-Fox-Oil-3.jpeg","jetpack_shortlink":"https:\/\/wp.me\/p6RhLt-cgX","jetpack_sharing_enabled":true,"_links":{"self":[{"href":"https:\/\/eldiariodesanpedro.com.ar\/sitio\/wp-json\/wp\/v2\/posts\/47179","targetHints":{"allow":["GET"]}}],"collection":[{"href":"https:\/\/eldiariodesanpedro.com.ar\/sitio\/wp-json\/wp\/v2\/posts"}],"about":[{"href":"https:\/\/eldiariodesanpedro.com.ar\/sitio\/wp-json\/wp\/v2\/types\/post"}],"author":[{"embeddable":true,"href":"https:\/\/eldiariodesanpedro.com.ar\/sitio\/wp-json\/wp\/v2\/users\/4"}],"replies":[{"embeddable":true,"href":"https:\/\/eldiariodesanpedro.com.ar\/sitio\/wp-json\/wp\/v2\/comments?post=47179"}],"version-history":[{"count":1,"href":"https:\/\/eldiariodesanpedro.com.ar\/sitio\/wp-json\/wp\/v2\/posts\/47179\/revisions"}],"predecessor-version":[{"id":47181,"href":"https:\/\/eldiariodesanpedro.com.ar\/sitio\/wp-json\/wp\/v2\/posts\/47179\/revisions\/47181"}],"wp:featuredmedia":[{"embeddable":true,"href":"https:\/\/eldiariodesanpedro.com.ar\/sitio\/wp-json\/wp\/v2\/media\/47180"}],"wp:attachment":[{"href":"https:\/\/eldiariodesanpedro.com.ar\/sitio\/wp-json\/wp\/v2\/media?parent=47179"}],"wp:term":[{"taxonomy":"category","embeddable":true,"href":"https:\/\/eldiariodesanpedro.com.ar\/sitio\/wp-json\/wp\/v2\/categories?post=47179"},{"taxonomy":"post_tag","embeddable":true,"href":"https:\/\/eldiariodesanpedro.com.ar\/sitio\/wp-json\/wp\/v2\/tags?post=47179"}],"curies":[{"name":"wp","href":"https:\/\/api.w.org\/{rel}","templated":true}]}}