{"id":47176,"date":"2019-02-07T11:25:59","date_gmt":"2019-02-07T14:25:59","guid":{"rendered":"https:\/\/eldiariodesanpedro.com.ar\/sitio\/?p=47176"},"modified":"2019-02-07T11:26:09","modified_gmt":"2019-02-07T14:26:09","slug":"alerta-por-casos-autoctonos-de-dengue","status":"publish","type":"post","link":"https:\/\/eldiariodesanpedro.com.ar\/sitio\/alerta-por-casos-autoctonos-de-dengue\/","title":{"rendered":"Alerta por casos aut\u00f3ctonos de dengue"},"content":{"rendered":"<!-- VideographyWP Plugin Message: Automatic video embedding prevented by plugin options. -->\n\n<p>El comunicado de la Secretar\u00eda de Salud de la Naci\u00f3n indica que es necesaria una \u201cintensificaci\u00f3n de la vigilancia de arbovirosis ante la confirmaci\u00f3n de la circulaci\u00f3n viral de dengue en territorio argentino y situaci\u00f3n de fiebre amarilla en Brasil\u201d.<\/p>\n\n\n\n<p>Ya se han registrado al menos 28 casos de dengue aut\u00f3ctonos, es decir personas que contrajeron la enfermedad en Argentina y no tienen antecedentes de viajes al exterior.&nbsp;\u201cEn el momento actual se registra circulaci\u00f3n viral de dengue en Argentina con casos aut\u00f3ctonos en Misiones, Formosa, Salta y Santa Fe\u201d, indica el informe interno del Ministerio. \u201cLa Secretar\u00eda de Gobierno de Salud insta a los equipos de salud a intensificar la vigilancia epidemiol\u00f3gica de casos y sensibilizar la sospecha cl\u00ednica de dengue y otros arbovirus, entre ellos fiebre amarilla en personas que hayan estado en \u00e1reas de riesgo\u201d, comunicaron.<\/p>\n\n\n\n<p>Por eso pidieron cautela, pero profundizar las medidas de prevenci\u00f3n.<\/p>\n\n\n\n<p>Entre las medidas ejecutadas para prevenir, se dispuso fortalecer la vigilancia epidemiol\u00f3gica de dengue y fiebre amarilla, cumplir con la notificaci\u00f3n inmediata a trav\u00e9s del Sistema Nacional de Vigilancia de la Salud de todos los casos desde la sospecha y con datos completos y , sobre todo, potenciar las medidas que la poblaci\u00f3n debe tomar:<\/p>\n\n\n\n<p>El dengue es grave cuando se producen hemorragias.<\/p>\n\n\n\n<p><strong>Los s\u00edntomas de esta enfermedad son:<\/strong><\/p>\n\n\n\n<ul class=\"wp-block-list\"><li>Fiebre alta (sin resfr\u00edo).<\/li><li>Dolor detr\u00e1s de los ojos, muscular y de las articulaciones.<\/li><li>N\u00e1useas y v\u00f3mitos.<\/li><li>Cansancio.<\/li><li>Sangrado de nariz y enc\u00edas.<\/li><li>Erupci\u00f3n en la piel.<\/li><\/ul>\n","protected":false},"excerpt":{"rendered":"<p>El comunicado de la Secretar\u00eda de Salud de la Naci\u00f3n indica que es necesaria una \u201cintensificaci\u00f3n de la vigilancia de arbovirosis ante la confirmaci\u00f3n de la circulaci\u00f3n viral de dengue en territorio argentino y situaci\u00f3n de fiebre amarilla en Brasil\u201d. Ya se han registrado al menos 28 casos de dengue aut\u00f3ctonos, es decir personas que [&hellip;]<\/p>\n","protected":false},"author":4,"featured_media":47177,"comment_status":"open","ping_status":"closed","sticky":false,"template":"","format":"standard","meta":{"om_disable_all_campaigns":false,"_jetpack_memberships_contains_paid_content":false,"footnotes":""},"categories":[621],"tags":[],"class_list":["post-47176","post","type-post","status-publish","format-standard","has-post-thumbnail","hentry","category-regionales"],"aioseo_notices":[],"gutentor_comment":0,"jetpack_featured_media_url":"https:\/\/eldiariodesanpedro.com.ar\/sitio\/wp-content\/uploads\/2019\/02\/1533155406-10279189525d89bba-4dda-4c4b-9002-c17f39016404.jpg","jetpack_shortlink":"https:\/\/wp.me\/p6RhLt-cgU","jetpack_sharing_enabled":true,"_links":{"self":[{"href":"https:\/\/eldiariodesanpedro.com.ar\/sitio\/wp-json\/wp\/v2\/posts\/47176","targetHints":{"allow":["GET"]}}],"collection":[{"href":"https:\/\/eldiariodesanpedro.com.ar\/sitio\/wp-json\/wp\/v2\/posts"}],"about":[{"href":"https:\/\/eldiariodesanpedro.com.ar\/sitio\/wp-json\/wp\/v2\/types\/post"}],"author":[{"embeddable":true,"href":"https:\/\/eldiariodesanpedro.com.ar\/sitio\/wp-json\/wp\/v2\/users\/4"}],"replies":[{"embeddable":true,"href":"https:\/\/eldiariodesanpedro.com.ar\/sitio\/wp-json\/wp\/v2\/comments?post=47176"}],"version-history":[{"count":1,"href":"https:\/\/eldiariodesanpedro.com.ar\/sitio\/wp-json\/wp\/v2\/posts\/47176\/revisions"}],"predecessor-version":[{"id":47178,"href":"https:\/\/eldiariodesanpedro.com.ar\/sitio\/wp-json\/wp\/v2\/posts\/47176\/revisions\/47178"}],"wp:featuredmedia":[{"embeddable":true,"href":"https:\/\/eldiariodesanpedro.com.ar\/sitio\/wp-json\/wp\/v2\/media\/47177"}],"wp:attachment":[{"href":"https:\/\/eldiariodesanpedro.com.ar\/sitio\/wp-json\/wp\/v2\/media?parent=47176"}],"wp:term":[{"taxonomy":"category","embeddable":true,"href":"https:\/\/eldiariodesanpedro.com.ar\/sitio\/wp-json\/wp\/v2\/categories?post=47176"},{"taxonomy":"post_tag","embeddable":true,"href":"https:\/\/eldiariodesanpedro.com.ar\/sitio\/wp-json\/wp\/v2\/tags?post=47176"}],"curies":[{"name":"wp","href":"https:\/\/api.w.org\/{rel}","templated":true}]}}