{"id":47172,"date":"2019-02-07T11:23:44","date_gmt":"2019-02-07T14:23:44","guid":{"rendered":"https:\/\/eldiariodesanpedro.com.ar\/sitio\/?p=47172"},"modified":"2019-02-07T11:24:01","modified_gmt":"2019-02-07T14:24:01","slug":"baradero-festival-2019-comenzo-el-armado-del-escenario","status":"publish","type":"post","link":"https:\/\/eldiariodesanpedro.com.ar\/sitio\/baradero-festival-2019-comenzo-el-armado-del-escenario\/","title":{"rendered":"BARADERO: Festival 2019, comenz\u00f3 el armado del escenario"},"content":{"rendered":"<!-- VideographyWP Plugin Message: Automatic video embedding prevented by plugin options. -->\n\n<p>El armaz\u00f3n lleg\u00f3 en la tarde de martes y se estima que la tarea concluya en la ma\u00f1ana del jueves. El escenario ser\u00e1 de alrededor de 6 metros, m\u00e1s amplio que otros a\u00f1os, para lucir el espect\u00e1culo.<\/p>\n\n\n\n<p>El secretario de cultura, educaci\u00f3n y deporte Marcos Barlatay lo conrm\u00f3 en Contacto Directo.<\/p>\n\n\n\n<p>El montaje es una estructura que sostendr\u00e1 las pantallas gigantes, torres de iluminaci\u00f3n y de sonido. En otro tramo de la entrevista el funcionario se reri\u00f3 a la venta de entradas, el paseo de artesanos y otros aspectos del festival.<\/p>\n\n\n\n<figure class=\"wp-block-embed-wordpress wp-block-embed is-type-wp-embed is-provider-tu-linea-directa-portal-de-noticias\"><div class=\"wp-block-embed__wrapper\">\nhttps:\/\/tulineadirecta.com\n<\/div><\/figure>\n","protected":false},"excerpt":{"rendered":"<p>El armaz\u00f3n lleg\u00f3 en la tarde de martes y se estima que la tarea concluya en la ma\u00f1ana del jueves. El escenario ser\u00e1 de alrededor de 6 metros, m\u00e1s amplio que otros a\u00f1os, para lucir el espect\u00e1culo. El secretario de cultura, educaci\u00f3n y deporte Marcos Barlatay lo conrm\u00f3 en Contacto Directo. El montaje es una [&hellip;]<\/p>\n","protected":false},"author":4,"featured_media":47173,"comment_status":"open","ping_status":"closed","sticky":false,"template":"","format":"standard","meta":{"om_disable_all_campaigns":false,"_jetpack_memberships_contains_paid_content":false,"footnotes":""},"categories":[621],"tags":[],"class_list":["post-47172","post","type-post","status-publish","format-standard","has-post-thumbnail","hentry","category-regionales"],"aioseo_notices":[],"gutentor_comment":0,"jetpack_featured_media_url":"https:\/\/eldiariodesanpedro.com.ar\/sitio\/wp-content\/uploads\/2019\/02\/sin_titulo_160.jpg","jetpack_shortlink":"https:\/\/wp.me\/p6RhLt-cgQ","jetpack_sharing_enabled":true,"_links":{"self":[{"href":"https:\/\/eldiariodesanpedro.com.ar\/sitio\/wp-json\/wp\/v2\/posts\/47172","targetHints":{"allow":["GET"]}}],"collection":[{"href":"https:\/\/eldiariodesanpedro.com.ar\/sitio\/wp-json\/wp\/v2\/posts"}],"about":[{"href":"https:\/\/eldiariodesanpedro.com.ar\/sitio\/wp-json\/wp\/v2\/types\/post"}],"author":[{"embeddable":true,"href":"https:\/\/eldiariodesanpedro.com.ar\/sitio\/wp-json\/wp\/v2\/users\/4"}],"replies":[{"embeddable":true,"href":"https:\/\/eldiariodesanpedro.com.ar\/sitio\/wp-json\/wp\/v2\/comments?post=47172"}],"version-history":[{"count":1,"href":"https:\/\/eldiariodesanpedro.com.ar\/sitio\/wp-json\/wp\/v2\/posts\/47172\/revisions"}],"predecessor-version":[{"id":47175,"href":"https:\/\/eldiariodesanpedro.com.ar\/sitio\/wp-json\/wp\/v2\/posts\/47172\/revisions\/47175"}],"wp:featuredmedia":[{"embeddable":true,"href":"https:\/\/eldiariodesanpedro.com.ar\/sitio\/wp-json\/wp\/v2\/media\/47173"}],"wp:attachment":[{"href":"https:\/\/eldiariodesanpedro.com.ar\/sitio\/wp-json\/wp\/v2\/media?parent=47172"}],"wp:term":[{"taxonomy":"category","embeddable":true,"href":"https:\/\/eldiariodesanpedro.com.ar\/sitio\/wp-json\/wp\/v2\/categories?post=47172"},{"taxonomy":"post_tag","embeddable":true,"href":"https:\/\/eldiariodesanpedro.com.ar\/sitio\/wp-json\/wp\/v2\/tags?post=47172"}],"curies":[{"name":"wp","href":"https:\/\/api.w.org\/{rel}","templated":true}]}}