{"id":4717,"date":"2016-05-26T18:17:58","date_gmt":"2016-05-26T21:17:58","guid":{"rendered":"https:\/\/eldiariodesanpedro.com.ar\/sitio\/?p=4717"},"modified":"2016-05-26T18:17:58","modified_gmt":"2016-05-26T21:17:58","slug":"jubilados-y-pensionados-del-ips-percibiran-sus-haberes-de-mayo","status":"publish","type":"post","link":"https:\/\/eldiariodesanpedro.com.ar\/sitio\/jubilados-y-pensionados-del-ips-percibiran-sus-haberes-de-mayo\/","title":{"rendered":"Jubilados y Pensionados del IPS percibir\u00e1n sus haberes de mayo"},"content":{"rendered":"<p><!-- VideographyWP Plugin Message: Automatic video embedding prevented by plugin options. --><br \/>\nEl Instituto de Previsi\u00f3n Social (IPS), informa a trav\u00e9s de este medio que los jubilados y pensionados de la Provincia de Buenos Aires percibir\u00e1n los haberes seg\u00fan cronograma que se detalla a continuaci\u00f3n:<br \/>\nLunes 30\/05\/2016: Pensiones sociales y beneficios con documentos terminados en 0, 1, 2, 3.<br \/>\nMartes 31\/05\/2016: Beneficios con documentos terminados en 4, 5, 6, 7, 8, 9.<br \/>\nAquellos beneficiarios que cobran por cajero autom\u00e1tico, se encuentran incluidos en la fechas de pago seg\u00fan terminaci\u00f3n del n\u00famero de documento.<br \/>\nFecha de vencimiento del pago de Mayo es el d\u00eda 23 de Junio de 2016.<\/p>\n","protected":false},"excerpt":{"rendered":"<p>El Instituto de Previsi\u00f3n Social (IPS), informa a trav\u00e9s de este medio que los jubilados y pensionados de la Provincia de Buenos Aires percibir\u00e1n los haberes seg\u00fan cronograma que se detalla a continuaci\u00f3n: Lunes 30\/05\/2016: Pensiones sociales y beneficios con documentos terminados en 0, 1, 2, 3. Martes 31\/05\/2016: Beneficios con documentos terminados en 4, [&hellip;]<\/p>\n","protected":false},"author":4,"featured_media":4718,"comment_status":"open","ping_status":"closed","sticky":false,"template":"","format":"standard","meta":{"om_disable_all_campaigns":false,"_jetpack_memberships_contains_paid_content":false,"footnotes":""},"categories":[101,2],"tags":[],"class_list":["post-4717","post","type-post","status-publish","format-standard","has-post-thumbnail","hentry","category-interes-general-locales","category-locales"],"aioseo_notices":[],"gutentor_comment":0,"jetpack_featured_media_url":"https:\/\/eldiariodesanpedro.com.ar\/sitio\/wp-content\/uploads\/2016\/05\/jubilados.jpg","jetpack_shortlink":"https:\/\/wp.me\/p6RhLt-1e5","jetpack_sharing_enabled":true,"_links":{"self":[{"href":"https:\/\/eldiariodesanpedro.com.ar\/sitio\/wp-json\/wp\/v2\/posts\/4717","targetHints":{"allow":["GET"]}}],"collection":[{"href":"https:\/\/eldiariodesanpedro.com.ar\/sitio\/wp-json\/wp\/v2\/posts"}],"about":[{"href":"https:\/\/eldiariodesanpedro.com.ar\/sitio\/wp-json\/wp\/v2\/types\/post"}],"author":[{"embeddable":true,"href":"https:\/\/eldiariodesanpedro.com.ar\/sitio\/wp-json\/wp\/v2\/users\/4"}],"replies":[{"embeddable":true,"href":"https:\/\/eldiariodesanpedro.com.ar\/sitio\/wp-json\/wp\/v2\/comments?post=4717"}],"version-history":[{"count":1,"href":"https:\/\/eldiariodesanpedro.com.ar\/sitio\/wp-json\/wp\/v2\/posts\/4717\/revisions"}],"predecessor-version":[{"id":4719,"href":"https:\/\/eldiariodesanpedro.com.ar\/sitio\/wp-json\/wp\/v2\/posts\/4717\/revisions\/4719"}],"wp:featuredmedia":[{"embeddable":true,"href":"https:\/\/eldiariodesanpedro.com.ar\/sitio\/wp-json\/wp\/v2\/media\/4718"}],"wp:attachment":[{"href":"https:\/\/eldiariodesanpedro.com.ar\/sitio\/wp-json\/wp\/v2\/media?parent=4717"}],"wp:term":[{"taxonomy":"category","embeddable":true,"href":"https:\/\/eldiariodesanpedro.com.ar\/sitio\/wp-json\/wp\/v2\/categories?post=4717"},{"taxonomy":"post_tag","embeddable":true,"href":"https:\/\/eldiariodesanpedro.com.ar\/sitio\/wp-json\/wp\/v2\/tags?post=4717"}],"curies":[{"name":"wp","href":"https:\/\/api.w.org\/{rel}","templated":true}]}}