{"id":47169,"date":"2019-02-07T11:52:29","date_gmt":"2019-02-07T14:52:29","guid":{"rendered":"https:\/\/eldiariodesanpedro.com.ar\/sitio\/?p=47169"},"modified":"2019-02-07T19:08:32","modified_gmt":"2019-02-07T22:08:32","slug":"tania-velazquez-correra-en-el-enduro-del-verano","status":"publish","type":"post","link":"https:\/\/eldiariodesanpedro.com.ar\/sitio\/tania-velazquez-correra-en-el-enduro-del-verano\/","title":{"rendered":"Tania Velazquez correr\u00e1 en el Enduro del Verano"},"content":{"rendered":"<!-- VideographyWP Plugin Message: Automatic video embedding prevented by plugin options. -->\n\n<p>La ni\u00f1a de 15 a\u00f1os, bicampeona del Enduro Baires en cuatriciclo estar\u00e1 compitiendo en la carrera mas importante del mundo.  Manejara un Yamaha 450,  en la categor\u00eda damas,  representado al equipo\u00a0DG Motocross Team de San Nicolas.<\/p>\n\n\n\n<p>La sampedrina Tania Velazquez quien desde chica disfruta de su fanatismo por los fierros, heredados por su mama Ver\u00f3nica y su papa Ivan,  correr\u00e1 la carrera mas importante del mundo en la especialidad.<\/p>\n\n\n\n<p>El enduro del verano se desarrollara el fin de semana del 23 y 24 de febrero en los M\u00e9danos de Pinamar y Villa Gesell. <\/p>\n\n\n\n<p>En esta oportunidad debutara como rider de unos de los equipos\u00a0 de motocross mas importante del pais,  el DG Motocross Team \u00abestamos muy felices de la incorporaci\u00f3n de Tania a nuestra estructura, es una chica con muchas condiciones y con el importante apoyo que le da su familia va a llegar muy lejos,\u00a0 este a\u00f1o lo tomaremos como aprendizaje ya que no tiene experiencia en este tipo de suelo, con la mec\u00e1nica del\u00a0 \u00abCucha\u00bb Amendolia y la experiencia que le transmiten\u00a0 en la arena  Juan Cruz lanza y\u00a0 Gonza Delbono,\u00a0 ya consagrados riders de las 4 ruedas,  tenemos\u00a0 fe de que le va a ir muy bien\u00bb expreso el manager del equipo. <\/p>\n\n\n\n<figure class=\"wp-block-video\"><video controls src=\"https:\/\/eldiariodesanpedro.com.ar\/sitio\/wp-content\/uploads\/2019\/02\/WhatsApp-Video-2019-02-07-at-11.16.55.mp4\"><\/video><figcaption>WhatsApp Video 2019-02-07 at 11.16.55<\/figcaption><\/figure>\n\n\n\n<p>En entrevista Tania nos contaba que \u00abmi papa y mi mama siempre me llevaban y se me dio la oportunidad de correrla, pasamos por muchos campeonatos y por fin llegue a correrla, hoy me acompa\u00f1an unos chicos de San Nicolas que me ense\u00f1an a correr en la arena, es la primera vez, viajo al circuito de Villa Gesell y me ense\u00f1an como agarrar los saltos, es mas pesada la arena que la tierra, es diferente tuvimos que cambiar el motor y las ruedas\u00bb, tambi\u00e9n agregaba a la nota que es la primera vez que corro contra chicas, es todo una nueva experiencia para mi, estoy feliz\u00bb<\/p>\n\n\n\n<h4 class=\"wp-block-heading\">El Enduro del Verano nace en 1992 en Pinamar, provincia de Buenos Aires, Argentina como una idea de mezclar las disciplinas del motocross y el enduro.<\/h4>\n\n\n\n<p>De all\u00ed, nace la idea de crear un motocross \u201clargo\u201d en la arena. Dicha edici\u00f3n fue un total \u00e9xito, con mas de 250 motos y mas de 1500 personas pudieron ser dignos de ver nacer lo que es hoy.<\/p>\n\n\n\n<p><br>El EDV evoluciono a trav\u00e9s de los a\u00f1os quintuplicando la cantidad de participantes, y teniendo 80 veces mas asistencia de publico desde su inicio, siendo el evento mas grande del verano en la Republica Argentina.<\/p>\n\n\n\n<p><br>De mas esta decir, que en el 2013 se bati\u00f3 el World Record como la carrera mas grande del mundo de cuatriciclos, y posicionada dentro de las 5 mas grandes del mundo en t\u00e9rminos de motos. Catalogada tambi\u00e9n como una de las 10 mejores carreras del mundo por Motocross Action Magazine.<\/p>\n\n\n\n<p><br>Televisada por la cadena americana de deportes ESPN para toda Latinoam\u00e9rica desde 1997.<br><br><\/p>\n\n\n\n<ul class=\"wp-block-gallery columns-3 is-cropped wp-block-gallery-1 is-layout-flex wp-block-gallery-is-layout-flex\"><li class=\"blocks-gallery-item\"><figure><img decoding=\"async\" width=\"473\" height=\"1024\" data-attachment-id=\"47199\" data-permalink=\"https:\/\/eldiariodesanpedro.com.ar\/sitio\/tania-velazquez-correra-en-el-enduro-del-verano\/whatsapp-image-2019-02-07-at-11-16-54\/\" data-orig-file=\"https:\/\/eldiariodesanpedro.com.ar\/sitio\/wp-content\/uploads\/2019\/02\/WhatsApp-Image-2019-02-07-at-11.16.54.jpeg\" data-orig-size=\"591,1280\" data-comments-opened=\"1\" data-image-meta=\"{&quot;aperture&quot;:&quot;0&quot;,&quot;credit&quot;:&quot;&quot;,&quot;camera&quot;:&quot;&quot;,&quot;caption&quot;:&quot;&quot;,&quot;created_timestamp&quot;:&quot;0&quot;,&quot;copyright&quot;:&quot;&quot;,&quot;focal_length&quot;:&quot;0&quot;,&quot;iso&quot;:&quot;0&quot;,&quot;shutter_speed&quot;:&quot;0&quot;,&quot;title&quot;:&quot;&quot;,&quot;orientation&quot;:&quot;0&quot;}\" data-image-title=\"WhatsApp Image 2019-02-07 at 11.16.54\" data-image-description=\"\" data-image-caption=\"\" data-large-file=\"https:\/\/eldiariodesanpedro.com.ar\/sitio\/wp-content\/uploads\/2019\/02\/WhatsApp-Image-2019-02-07-at-11.16.54-473x1024.jpeg\" data-src=\"https:\/\/eldiariodesanpedro.com.ar\/sitio\/wp-content\/uploads\/2019\/02\/WhatsApp-Image-2019-02-07-at-11.16.54-473x1024.jpeg\" alt=\"\" data-id=\"47199\" data-link=\"https:\/\/eldiariodesanpedro.com.ar\/sitio\/?attachment_id=47199\" class=\"wp-image-47199 lazyload\" data-srcset=\"https:\/\/eldiariodesanpedro.com.ar\/sitio\/wp-content\/uploads\/2019\/02\/WhatsApp-Image-2019-02-07-at-11.16.54-473x1024.jpeg 473w, https:\/\/eldiariodesanpedro.com.ar\/sitio\/wp-content\/uploads\/2019\/02\/WhatsApp-Image-2019-02-07-at-11.16.54-139x300.jpeg 139w, https:\/\/eldiariodesanpedro.com.ar\/sitio\/wp-content\/uploads\/2019\/02\/WhatsApp-Image-2019-02-07-at-11.16.54.jpeg 591w\" data-sizes=\"(max-width: 473px) 100vw, 473px\" src=\"data:image\/svg+xml;base64,PHN2ZyB3aWR0aD0iMSIgaGVpZ2h0PSIxIiB4bWxucz0iaHR0cDovL3d3dy53My5vcmcvMjAwMC9zdmciPjwvc3ZnPg==\" style=\"--smush-placeholder-width: 473px; --smush-placeholder-aspect-ratio: 473\/1024;\" \/><\/figure><\/li><li class=\"blocks-gallery-item\"><figure><img decoding=\"async\" width=\"768\" height=\"1024\" data-attachment-id=\"47198\" data-permalink=\"https:\/\/eldiariodesanpedro.com.ar\/sitio\/tania-velazquez-correra-en-el-enduro-del-verano\/whatsapp-image-2019-02-07-at-11-16-54-1\/\" data-orig-file=\"https:\/\/eldiariodesanpedro.com.ar\/sitio\/wp-content\/uploads\/2019\/02\/WhatsApp-Image-2019-02-07-at-11.16.54-1.jpeg\" data-orig-size=\"960,1280\" data-comments-opened=\"1\" data-image-meta=\"{&quot;aperture&quot;:&quot;0&quot;,&quot;credit&quot;:&quot;&quot;,&quot;camera&quot;:&quot;&quot;,&quot;caption&quot;:&quot;&quot;,&quot;created_timestamp&quot;:&quot;0&quot;,&quot;copyright&quot;:&quot;&quot;,&quot;focal_length&quot;:&quot;0&quot;,&quot;iso&quot;:&quot;0&quot;,&quot;shutter_speed&quot;:&quot;0&quot;,&quot;title&quot;:&quot;&quot;,&quot;orientation&quot;:&quot;0&quot;}\" data-image-title=\"WhatsApp Image 2019-02-07 at 11.16.54 (1)\" data-image-description=\"\" data-image-caption=\"\" data-large-file=\"https:\/\/eldiariodesanpedro.com.ar\/sitio\/wp-content\/uploads\/2019\/02\/WhatsApp-Image-2019-02-07-at-11.16.54-1-768x1024.jpeg\" data-src=\"https:\/\/eldiariodesanpedro.com.ar\/sitio\/wp-content\/uploads\/2019\/02\/WhatsApp-Image-2019-02-07-at-11.16.54-1-768x1024.jpeg\" alt=\"\" data-id=\"47198\" data-link=\"https:\/\/eldiariodesanpedro.com.ar\/sitio\/?attachment_id=47198\" class=\"wp-image-47198 lazyload\" data-srcset=\"https:\/\/eldiariodesanpedro.com.ar\/sitio\/wp-content\/uploads\/2019\/02\/WhatsApp-Image-2019-02-07-at-11.16.54-1-768x1024.jpeg 768w, https:\/\/eldiariodesanpedro.com.ar\/sitio\/wp-content\/uploads\/2019\/02\/WhatsApp-Image-2019-02-07-at-11.16.54-1-225x300.jpeg 225w, https:\/\/eldiariodesanpedro.com.ar\/sitio\/wp-content\/uploads\/2019\/02\/WhatsApp-Image-2019-02-07-at-11.16.54-1.jpeg 960w\" data-sizes=\"(max-width: 768px) 100vw, 768px\" src=\"data:image\/svg+xml;base64,PHN2ZyB3aWR0aD0iMSIgaGVpZ2h0PSIxIiB4bWxucz0iaHR0cDovL3d3dy53My5vcmcvMjAwMC9zdmciPjwvc3ZnPg==\" style=\"--smush-placeholder-width: 768px; --smush-placeholder-aspect-ratio: 768\/1024;\" \/><\/figure><\/li><li class=\"blocks-gallery-item\"><figure><img decoding=\"async\" width=\"800\" height=\"533\" data-attachment-id=\"47197\" data-permalink=\"https:\/\/eldiariodesanpedro.com.ar\/sitio\/tania-velazquez-correra-en-el-enduro-del-verano\/34184461_1766339883461052_4779307738607910912_n\/\" data-orig-file=\"https:\/\/eldiariodesanpedro.com.ar\/sitio\/wp-content\/uploads\/2019\/02\/34184461_1766339883461052_4779307738607910912_n.jpg\" data-orig-size=\"800,533\" data-comments-opened=\"1\" data-image-meta=\"{&quot;aperture&quot;:&quot;0&quot;,&quot;credit&quot;:&quot;&quot;,&quot;camera&quot;:&quot;&quot;,&quot;caption&quot;:&quot;&quot;,&quot;created_timestamp&quot;:&quot;0&quot;,&quot;copyright&quot;:&quot;&quot;,&quot;focal_length&quot;:&quot;0&quot;,&quot;iso&quot;:&quot;0&quot;,&quot;shutter_speed&quot;:&quot;0&quot;,&quot;title&quot;:&quot;&quot;,&quot;orientation&quot;:&quot;0&quot;}\" data-image-title=\"34184461_1766339883461052_4779307738607910912_n\" data-image-description=\"\" data-image-caption=\"\" data-large-file=\"https:\/\/eldiariodesanpedro.com.ar\/sitio\/wp-content\/uploads\/2019\/02\/34184461_1766339883461052_4779307738607910912_n.jpg\" data-src=\"https:\/\/eldiariodesanpedro.com.ar\/sitio\/wp-content\/uploads\/2019\/02\/34184461_1766339883461052_4779307738607910912_n.jpg\" alt=\"\" data-id=\"47197\" data-link=\"https:\/\/eldiariodesanpedro.com.ar\/sitio\/?attachment_id=47197\" class=\"wp-image-47197 lazyload\" data-srcset=\"https:\/\/eldiariodesanpedro.com.ar\/sitio\/wp-content\/uploads\/2019\/02\/34184461_1766339883461052_4779307738607910912_n.jpg 800w, https:\/\/eldiariodesanpedro.com.ar\/sitio\/wp-content\/uploads\/2019\/02\/34184461_1766339883461052_4779307738607910912_n-300x200.jpg 300w, https:\/\/eldiariodesanpedro.com.ar\/sitio\/wp-content\/uploads\/2019\/02\/34184461_1766339883461052_4779307738607910912_n-768x512.jpg 768w\" data-sizes=\"(max-width: 800px) 100vw, 800px\" src=\"data:image\/svg+xml;base64,PHN2ZyB3aWR0aD0iMSIgaGVpZ2h0PSIxIiB4bWxucz0iaHR0cDovL3d3dy53My5vcmcvMjAwMC9zdmciPjwvc3ZnPg==\" style=\"--smush-placeholder-width: 800px; --smush-placeholder-aspect-ratio: 800\/533;\" \/><\/figure><\/li><li class=\"blocks-gallery-item\"><figure><img decoding=\"async\" width=\"750\" height=\"490\" data-attachment-id=\"47196\" data-permalink=\"https:\/\/eldiariodesanpedro.com.ar\/sitio\/tania-velazquez-correra-en-el-enduro-del-verano\/33128414_1756119631149744_1319945099051794432_n\/\" data-orig-file=\"https:\/\/eldiariodesanpedro.com.ar\/sitio\/wp-content\/uploads\/2019\/02\/33128414_1756119631149744_1319945099051794432_n.jpg\" data-orig-size=\"750,490\" data-comments-opened=\"1\" data-image-meta=\"{&quot;aperture&quot;:&quot;0&quot;,&quot;credit&quot;:&quot;&quot;,&quot;camera&quot;:&quot;&quot;,&quot;caption&quot;:&quot;&quot;,&quot;created_timestamp&quot;:&quot;0&quot;,&quot;copyright&quot;:&quot;&quot;,&quot;focal_length&quot;:&quot;0&quot;,&quot;iso&quot;:&quot;0&quot;,&quot;shutter_speed&quot;:&quot;0&quot;,&quot;title&quot;:&quot;&quot;,&quot;orientation&quot;:&quot;0&quot;}\" data-image-title=\"33128414_1756119631149744_1319945099051794432_n\" data-image-description=\"\" data-image-caption=\"\" data-large-file=\"https:\/\/eldiariodesanpedro.com.ar\/sitio\/wp-content\/uploads\/2019\/02\/33128414_1756119631149744_1319945099051794432_n.jpg\" data-src=\"https:\/\/eldiariodesanpedro.com.ar\/sitio\/wp-content\/uploads\/2019\/02\/33128414_1756119631149744_1319945099051794432_n.jpg\" alt=\"\" data-id=\"47196\" data-link=\"https:\/\/eldiariodesanpedro.com.ar\/sitio\/?attachment_id=47196\" class=\"wp-image-47196 lazyload\" data-srcset=\"https:\/\/eldiariodesanpedro.com.ar\/sitio\/wp-content\/uploads\/2019\/02\/33128414_1756119631149744_1319945099051794432_n.jpg 750w, https:\/\/eldiariodesanpedro.com.ar\/sitio\/wp-content\/uploads\/2019\/02\/33128414_1756119631149744_1319945099051794432_n-300x196.jpg 300w\" data-sizes=\"(max-width: 750px) 100vw, 750px\" src=\"data:image\/svg+xml;base64,PHN2ZyB3aWR0aD0iMSIgaGVpZ2h0PSIxIiB4bWxucz0iaHR0cDovL3d3dy53My5vcmcvMjAwMC9zdmciPjwvc3ZnPg==\" style=\"--smush-placeholder-width: 750px; --smush-placeholder-aspect-ratio: 750\/490;\" \/><\/figure><\/li><li class=\"blocks-gallery-item\"><figure><img decoding=\"async\" width=\"750\" height=\"484\" data-attachment-id=\"47195\" data-permalink=\"https:\/\/eldiariodesanpedro.com.ar\/sitio\/tania-velazquez-correra-en-el-enduro-del-verano\/28685320_1677397265688648_6217151124409959669_n\/\" data-orig-file=\"https:\/\/eldiariodesanpedro.com.ar\/sitio\/wp-content\/uploads\/2019\/02\/28685320_1677397265688648_6217151124409959669_n.jpg\" data-orig-size=\"750,484\" data-comments-opened=\"1\" data-image-meta=\"{&quot;aperture&quot;:&quot;0&quot;,&quot;credit&quot;:&quot;&quot;,&quot;camera&quot;:&quot;&quot;,&quot;caption&quot;:&quot;&quot;,&quot;created_timestamp&quot;:&quot;0&quot;,&quot;copyright&quot;:&quot;&quot;,&quot;focal_length&quot;:&quot;0&quot;,&quot;iso&quot;:&quot;0&quot;,&quot;shutter_speed&quot;:&quot;0&quot;,&quot;title&quot;:&quot;&quot;,&quot;orientation&quot;:&quot;0&quot;}\" data-image-title=\"28685320_1677397265688648_6217151124409959669_n\" data-image-description=\"\" data-image-caption=\"\" data-large-file=\"https:\/\/eldiariodesanpedro.com.ar\/sitio\/wp-content\/uploads\/2019\/02\/28685320_1677397265688648_6217151124409959669_n.jpg\" data-src=\"https:\/\/eldiariodesanpedro.com.ar\/sitio\/wp-content\/uploads\/2019\/02\/28685320_1677397265688648_6217151124409959669_n.jpg\" alt=\"\" data-id=\"47195\" data-link=\"https:\/\/eldiariodesanpedro.com.ar\/sitio\/?attachment_id=47195\" class=\"wp-image-47195 lazyload\" data-srcset=\"https:\/\/eldiariodesanpedro.com.ar\/sitio\/wp-content\/uploads\/2019\/02\/28685320_1677397265688648_6217151124409959669_n.jpg 750w, https:\/\/eldiariodesanpedro.com.ar\/sitio\/wp-content\/uploads\/2019\/02\/28685320_1677397265688648_6217151124409959669_n-300x194.jpg 300w\" data-sizes=\"(max-width: 750px) 100vw, 750px\" src=\"data:image\/svg+xml;base64,PHN2ZyB3aWR0aD0iMSIgaGVpZ2h0PSIxIiB4bWxucz0iaHR0cDovL3d3dy53My5vcmcvMjAwMC9zdmciPjwvc3ZnPg==\" style=\"--smush-placeholder-width: 750px; --smush-placeholder-aspect-ratio: 750\/484;\" \/><\/figure><\/li><li class=\"blocks-gallery-item\"><figure><img decoding=\"async\" width=\"712\" height=\"960\" data-attachment-id=\"47194\" data-permalink=\"https:\/\/eldiariodesanpedro.com.ar\/sitio\/tania-velazquez-correra-en-el-enduro-del-verano\/23244583_1550148168413559_2067244597410306520_n\/\" data-orig-file=\"https:\/\/eldiariodesanpedro.com.ar\/sitio\/wp-content\/uploads\/2019\/02\/23244583_1550148168413559_2067244597410306520_n.jpg\" data-orig-size=\"712,960\" data-comments-opened=\"1\" data-image-meta=\"{&quot;aperture&quot;:&quot;0&quot;,&quot;credit&quot;:&quot;&quot;,&quot;camera&quot;:&quot;&quot;,&quot;caption&quot;:&quot;&quot;,&quot;created_timestamp&quot;:&quot;0&quot;,&quot;copyright&quot;:&quot;&quot;,&quot;focal_length&quot;:&quot;0&quot;,&quot;iso&quot;:&quot;0&quot;,&quot;shutter_speed&quot;:&quot;0&quot;,&quot;title&quot;:&quot;&quot;,&quot;orientation&quot;:&quot;0&quot;}\" data-image-title=\"23244583_1550148168413559_2067244597410306520_n\" data-image-description=\"\" data-image-caption=\"\" data-large-file=\"https:\/\/eldiariodesanpedro.com.ar\/sitio\/wp-content\/uploads\/2019\/02\/23244583_1550148168413559_2067244597410306520_n.jpg\" data-src=\"https:\/\/eldiariodesanpedro.com.ar\/sitio\/wp-content\/uploads\/2019\/02\/23244583_1550148168413559_2067244597410306520_n.jpg\" alt=\"\" data-id=\"47194\" data-link=\"https:\/\/eldiariodesanpedro.com.ar\/sitio\/?attachment_id=47194\" class=\"wp-image-47194 lazyload\" data-srcset=\"https:\/\/eldiariodesanpedro.com.ar\/sitio\/wp-content\/uploads\/2019\/02\/23244583_1550148168413559_2067244597410306520_n.jpg 712w, https:\/\/eldiariodesanpedro.com.ar\/sitio\/wp-content\/uploads\/2019\/02\/23244583_1550148168413559_2067244597410306520_n-223x300.jpg 223w\" data-sizes=\"(max-width: 712px) 100vw, 712px\" src=\"data:image\/svg+xml;base64,PHN2ZyB3aWR0aD0iMSIgaGVpZ2h0PSIxIiB4bWxucz0iaHR0cDovL3d3dy53My5vcmcvMjAwMC9zdmciPjwvc3ZnPg==\" style=\"--smush-placeholder-width: 712px; --smush-placeholder-aspect-ratio: 712\/960;\" \/><\/figure><\/li><li class=\"blocks-gallery-item\"><figure><img decoding=\"async\" width=\"800\" height=\"533\" data-attachment-id=\"47193\" data-permalink=\"https:\/\/eldiariodesanpedro.com.ar\/sitio\/tania-velazquez-correra-en-el-enduro-del-verano\/19260550_1414749318620112_3733789899836420988_n\/\" data-orig-file=\"https:\/\/eldiariodesanpedro.com.ar\/sitio\/wp-content\/uploads\/2019\/02\/19260550_1414749318620112_3733789899836420988_n.jpg\" data-orig-size=\"800,533\" data-comments-opened=\"1\" data-image-meta=\"{&quot;aperture&quot;:&quot;0&quot;,&quot;credit&quot;:&quot;&quot;,&quot;camera&quot;:&quot;&quot;,&quot;caption&quot;:&quot;&quot;,&quot;created_timestamp&quot;:&quot;0&quot;,&quot;copyright&quot;:&quot;&quot;,&quot;focal_length&quot;:&quot;0&quot;,&quot;iso&quot;:&quot;0&quot;,&quot;shutter_speed&quot;:&quot;0&quot;,&quot;title&quot;:&quot;&quot;,&quot;orientation&quot;:&quot;0&quot;}\" data-image-title=\"19260550_1414749318620112_3733789899836420988_n\" data-image-description=\"\" data-image-caption=\"\" data-large-file=\"https:\/\/eldiariodesanpedro.com.ar\/sitio\/wp-content\/uploads\/2019\/02\/19260550_1414749318620112_3733789899836420988_n.jpg\" data-src=\"https:\/\/eldiariodesanpedro.com.ar\/sitio\/wp-content\/uploads\/2019\/02\/19260550_1414749318620112_3733789899836420988_n.jpg\" alt=\"\" data-id=\"47193\" data-link=\"https:\/\/eldiariodesanpedro.com.ar\/sitio\/?attachment_id=47193\" class=\"wp-image-47193 lazyload\" data-srcset=\"https:\/\/eldiariodesanpedro.com.ar\/sitio\/wp-content\/uploads\/2019\/02\/19260550_1414749318620112_3733789899836420988_n.jpg 800w, https:\/\/eldiariodesanpedro.com.ar\/sitio\/wp-content\/uploads\/2019\/02\/19260550_1414749318620112_3733789899836420988_n-300x200.jpg 300w, https:\/\/eldiariodesanpedro.com.ar\/sitio\/wp-content\/uploads\/2019\/02\/19260550_1414749318620112_3733789899836420988_n-768x512.jpg 768w\" data-sizes=\"(max-width: 800px) 100vw, 800px\" src=\"data:image\/svg+xml;base64,PHN2ZyB3aWR0aD0iMSIgaGVpZ2h0PSIxIiB4bWxucz0iaHR0cDovL3d3dy53My5vcmcvMjAwMC9zdmciPjwvc3ZnPg==\" style=\"--smush-placeholder-width: 800px; --smush-placeholder-aspect-ratio: 800\/533;\" \/><\/figure><\/li><li class=\"blocks-gallery-item\"><figure><img decoding=\"async\" width=\"720\" height=\"960\" data-attachment-id=\"47192\" data-permalink=\"https:\/\/eldiariodesanpedro.com.ar\/sitio\/tania-velazquez-correra-en-el-enduro-del-verano\/19248066_1550977561663953_511955017030431883_n\/\" data-orig-file=\"https:\/\/eldiariodesanpedro.com.ar\/sitio\/wp-content\/uploads\/2019\/02\/19248066_1550977561663953_511955017030431883_n.jpg\" data-orig-size=\"720,960\" data-comments-opened=\"1\" data-image-meta=\"{&quot;aperture&quot;:&quot;0&quot;,&quot;credit&quot;:&quot;&quot;,&quot;camera&quot;:&quot;&quot;,&quot;caption&quot;:&quot;&quot;,&quot;created_timestamp&quot;:&quot;0&quot;,&quot;copyright&quot;:&quot;&quot;,&quot;focal_length&quot;:&quot;0&quot;,&quot;iso&quot;:&quot;0&quot;,&quot;shutter_speed&quot;:&quot;0&quot;,&quot;title&quot;:&quot;&quot;,&quot;orientation&quot;:&quot;0&quot;}\" data-image-title=\"19248066_1550977561663953_511955017030431883_n\" data-image-description=\"\" data-image-caption=\"\" data-large-file=\"https:\/\/eldiariodesanpedro.com.ar\/sitio\/wp-content\/uploads\/2019\/02\/19248066_1550977561663953_511955017030431883_n.jpg\" data-src=\"https:\/\/eldiariodesanpedro.com.ar\/sitio\/wp-content\/uploads\/2019\/02\/19248066_1550977561663953_511955017030431883_n.jpg\" alt=\"\" data-id=\"47192\" data-link=\"https:\/\/eldiariodesanpedro.com.ar\/sitio\/?attachment_id=47192\" class=\"wp-image-47192 lazyload\" data-srcset=\"https:\/\/eldiariodesanpedro.com.ar\/sitio\/wp-content\/uploads\/2019\/02\/19248066_1550977561663953_511955017030431883_n.jpg 720w, https:\/\/eldiariodesanpedro.com.ar\/sitio\/wp-content\/uploads\/2019\/02\/19248066_1550977561663953_511955017030431883_n-225x300.jpg 225w\" data-sizes=\"(max-width: 720px) 100vw, 720px\" src=\"data:image\/svg+xml;base64,PHN2ZyB3aWR0aD0iMSIgaGVpZ2h0PSIxIiB4bWxucz0iaHR0cDovL3d3dy53My5vcmcvMjAwMC9zdmciPjwvc3ZnPg==\" style=\"--smush-placeholder-width: 720px; --smush-placeholder-aspect-ratio: 720\/960;\" \/><\/figure><\/li><li class=\"blocks-gallery-item\"><figure><img decoding=\"async\" width=\"719\" height=\"449\" data-attachment-id=\"47191\" data-permalink=\"https:\/\/eldiariodesanpedro.com.ar\/sitio\/tania-velazquez-correra-en-el-enduro-del-verano\/19145987_1413220268773017_9124304442022594593_n\/\" data-orig-file=\"https:\/\/eldiariodesanpedro.com.ar\/sitio\/wp-content\/uploads\/2019\/02\/19145987_1413220268773017_9124304442022594593_n.jpg\" data-orig-size=\"719,449\" data-comments-opened=\"1\" data-image-meta=\"{&quot;aperture&quot;:&quot;0&quot;,&quot;credit&quot;:&quot;&quot;,&quot;camera&quot;:&quot;&quot;,&quot;caption&quot;:&quot;&quot;,&quot;created_timestamp&quot;:&quot;0&quot;,&quot;copyright&quot;:&quot;&quot;,&quot;focal_length&quot;:&quot;0&quot;,&quot;iso&quot;:&quot;0&quot;,&quot;shutter_speed&quot;:&quot;0&quot;,&quot;title&quot;:&quot;&quot;,&quot;orientation&quot;:&quot;0&quot;}\" data-image-title=\"19145987_1413220268773017_9124304442022594593_n\" data-image-description=\"\" data-image-caption=\"\" data-large-file=\"https:\/\/eldiariodesanpedro.com.ar\/sitio\/wp-content\/uploads\/2019\/02\/19145987_1413220268773017_9124304442022594593_n.jpg\" data-src=\"https:\/\/eldiariodesanpedro.com.ar\/sitio\/wp-content\/uploads\/2019\/02\/19145987_1413220268773017_9124304442022594593_n.jpg\" alt=\"\" data-id=\"47191\" data-link=\"https:\/\/eldiariodesanpedro.com.ar\/sitio\/?attachment_id=47191\" class=\"wp-image-47191 lazyload\" data-srcset=\"https:\/\/eldiariodesanpedro.com.ar\/sitio\/wp-content\/uploads\/2019\/02\/19145987_1413220268773017_9124304442022594593_n.jpg 719w, https:\/\/eldiariodesanpedro.com.ar\/sitio\/wp-content\/uploads\/2019\/02\/19145987_1413220268773017_9124304442022594593_n-300x187.jpg 300w\" data-sizes=\"(max-width: 719px) 100vw, 719px\" src=\"data:image\/svg+xml;base64,PHN2ZyB3aWR0aD0iMSIgaGVpZ2h0PSIxIiB4bWxucz0iaHR0cDovL3d3dy53My5vcmcvMjAwMC9zdmciPjwvc3ZnPg==\" style=\"--smush-placeholder-width: 719px; --smush-placeholder-aspect-ratio: 719\/449;\" \/><\/figure><\/li><\/ul>\n\n\n\n<p><br><br><\/p>\n\n\n\n<p><\/p>\n\n\n\n<p><\/p>\n","protected":false},"excerpt":{"rendered":"<p>La ni\u00f1a de 15 a\u00f1os, bicampeona del Enduro Baires en cuatriciclo estar\u00e1 compitiendo en la carrera mas importante del mundo. Manejara un Yamaha 450, en la categor\u00eda damas, representado al equipo\u00a0DG Motocross Team de San Nicolas. La sampedrina Tania Velazquez quien desde chica disfruta de su fanatismo por los fierros, heredados por su mama Ver\u00f3nica [&hellip;]<\/p>\n","protected":false},"author":4,"featured_media":47191,"comment_status":"open","ping_status":"closed","sticky":false,"template":"","format":"standard","meta":{"om_disable_all_campaigns":false,"_jetpack_memberships_contains_paid_content":false,"footnotes":""},"categories":[101,2],"tags":[],"class_list":["post-47169","post","type-post","status-publish","format-standard","has-post-thumbnail","hentry","category-interes-general-locales","category-locales"],"aioseo_notices":[],"gutentor_comment":0,"jetpack_featured_media_url":"https:\/\/eldiariodesanpedro.com.ar\/sitio\/wp-content\/uploads\/2019\/02\/19145987_1413220268773017_9124304442022594593_n.jpg","jetpack_shortlink":"https:\/\/wp.me\/p6RhLt-cgN","jetpack_sharing_enabled":true,"_links":{"self":[{"href":"https:\/\/eldiariodesanpedro.com.ar\/sitio\/wp-json\/wp\/v2\/posts\/47169","targetHints":{"allow":["GET"]}}],"collection":[{"href":"https:\/\/eldiariodesanpedro.com.ar\/sitio\/wp-json\/wp\/v2\/posts"}],"about":[{"href":"https:\/\/eldiariodesanpedro.com.ar\/sitio\/wp-json\/wp\/v2\/types\/post"}],"author":[{"embeddable":true,"href":"https:\/\/eldiariodesanpedro.com.ar\/sitio\/wp-json\/wp\/v2\/users\/4"}],"replies":[{"embeddable":true,"href":"https:\/\/eldiariodesanpedro.com.ar\/sitio\/wp-json\/wp\/v2\/comments?post=47169"}],"version-history":[{"count":1,"href":"https:\/\/eldiariodesanpedro.com.ar\/sitio\/wp-json\/wp\/v2\/posts\/47169\/revisions"}],"predecessor-version":[{"id":47201,"href":"https:\/\/eldiariodesanpedro.com.ar\/sitio\/wp-json\/wp\/v2\/posts\/47169\/revisions\/47201"}],"wp:featuredmedia":[{"embeddable":true,"href":"https:\/\/eldiariodesanpedro.com.ar\/sitio\/wp-json\/wp\/v2\/media\/47191"}],"wp:attachment":[{"href":"https:\/\/eldiariodesanpedro.com.ar\/sitio\/wp-json\/wp\/v2\/media?parent=47169"}],"wp:term":[{"taxonomy":"category","embeddable":true,"href":"https:\/\/eldiariodesanpedro.com.ar\/sitio\/wp-json\/wp\/v2\/categories?post=47169"},{"taxonomy":"post_tag","embeddable":true,"href":"https:\/\/eldiariodesanpedro.com.ar\/sitio\/wp-json\/wp\/v2\/tags?post=47169"}],"curies":[{"name":"wp","href":"https:\/\/api.w.org\/{rel}","templated":true}]}}